{"id":268,"date":"2013-11-02T19:07:00","date_gmt":"2013-11-02T19:07:00","guid":{"rendered":"https:\/\/aedecanarias.eu\/el-pe-alcanza-1-millon-de-seguidores-en-facebook"},"modified":"2013-11-02T19:07:00","modified_gmt":"2013-11-02T19:07:00","slug":"el-pe-alcanza-1-millon-de-seguidores-en-facebook","status":"publish","type":"post","link":"https:\/\/aedecanarias.eu\/?p=268","title":{"rendered":"El PE alcanza 1 mill\u00f3n de seguidores en Facebook"},"content":{"rendered":"\n<div class=\"twitter-share\"><a href=\"https:\/\/twitter.com\/intent\/tweet?via=aedecanarias\" class=\"twitter-share-button\" data-size=\"large\">Twittear<\/a><\/div>\n<p><\/p>\n<div style=\"clear: both; text-align: center;\"><a href=\"http:\/\/1.bp.blogspot.com\/-Pzwl6K507R0\/UnVM2K_e77I\/AAAAAAAAAQM\/1UB-6i427Gk\/s1600\/20131028PHT23223_original.jpg\" style=\"clear: left; float: left; margin-bottom: 1em; margin-right: 1em;\"><img loading=\"lazy\" decoding=\"async\" border=\"0\" height=\"188\" src=\"http:\/\/1.bp.blogspot.com\/-Pzwl6K507R0\/UnVM2K_e77I\/AAAAAAAAAQM\/1UB-6i427Gk\/s200\/20131028PHT23223_original.jpg\" width=\"200\" \/><\/a><\/div>\n<div style=\"clear: both; text-align: justify;\"><strong style=\"border: 0px; color: #363636; font-family: inherit; font-size: 12px; font-style: inherit; line-height: 19px; margin: 0px; outline: 0px; padding: 0px; vertical-align: baseline;\">Un mill\u00f3n de ciudadanos a lo ancho y largo de Europa siguen ya la cuenta en Facebook del Parlamento Europeo, lo que la convierte en la mayor p\u00e1gina institucional en Europa de esta red social. \u00bfC\u00f3mo comenz\u00f3? \u00bfC\u00f3mo es ahora?<\/strong><\/div>\n<div style=\"background-color: white; border: 0px; color: #363636; font-family: Arial, Helvetica, sans-serif; font-size: 12px; line-height: 19px; padding: 0px; position: relative; vertical-align: baseline;\"><\/div>\n<p><a name='more'><\/a>La p\u00e1gina del Parlamento Europeo en Facebook se puso en marcha en v\u00edsperas de las elecciones europeas de 2009 y, desde aquel entonces, su n\u00famero de seguidores nunca ha dejado de aumentar. Al contar desde ahora con un mill\u00f3n, esta p\u00e1gina tiene un alcance potencial de alrededor 135 millones de personas si sumamos a los seguidores y a sus amigos.<\/p>\n<p>La p\u00e1gina de la Euroc\u00e1mara disfruta con regularidad de nuevos contenidos. Sus seguidores pueden expresar que les gusta, comentar y compartir las informaciones, y debatir con los eurodiputados sobre cuestiones candentes a trav\u00e9s de chats frecuentes.<br \/><br style=\"background-color: white; color: #363636; font-family: Arial, Helvetica, sans-serif; font-size: 12px; line-height: 19px;\" \/><\/p>\n<div style=\"background-color: white; border: 0px; color: #363636; font-family: Arial, Helvetica, sans-serif; font-size: 12px; line-height: 19px; padding: 0px; position: relative; vertical-align: baseline;\"><strong style=\"border: 0px; font-family: inherit; font-style: inherit; margin: 0px; outline: 0px; padding: 0px; vertical-align: baseline;\">Concursos y premios<\/strong><\/p>\n<p>Los concursos son tambi\u00e9n una de las actividades que ofrece esta p\u00e1gina. El concurso m\u00e1s reciente, director por un d\u00eda, posibilitar\u00e1 que los ganadores escriban en el Facebook de la Euroc\u00e1mara durante la sesi\u00f3n plenaria de noviembre. El ganador de otro premio organizado el a\u00f1o pasado fue invitado a las celebraciones en Oslo y Estrasburgo con motivo de la entrega del Premio Nobel de la Paz a la Uni\u00f3n Europea.<\/p>\n<p>Un mill\u00f3n es todo un hito para nosotros. No lo habr\u00edamos alcanzado sin ustedes, los ciudadanos que siguen nuestra cuenta.<\/p><\/div>\n","protected":false},"excerpt":{"rendered":"<p>Un mill\u00f3n de ciudadanos a lo ancho y largo de Europa siguen ya la cuenta&#8230;<\/p>\n","protected":false},"author":2,"featured_media":0,"comment_status":"open","ping_status":"open","sticky":false,"template":"","format":"standard","meta":{"ngg_post_thumbnail":0,"footnotes":""},"categories":[1],"tags":[],"class_list":["post-268","post","type-post","status-publish","format-standard","hentry","category-hemeroteca"],"_links":{"self":[{"href":"https:\/\/aedecanarias.eu\/index.php?rest_route=\/wp\/v2\/posts\/268","targetHints":{"allow":["GET"]}}],"collection":[{"href":"https:\/\/aedecanarias.eu\/index.php?rest_route=\/wp\/v2\/posts"}],"about":[{"href":"https:\/\/aedecanarias.eu\/index.php?rest_route=\/wp\/v2\/types\/post"}],"author":[{"embeddable":true,"href":"https:\/\/aedecanarias.eu\/index.php?rest_route=\/wp\/v2\/users\/2"}],"replies":[{"embeddable":true,"href":"https:\/\/aedecanarias.eu\/index.php?rest_route=%2Fwp%2Fv2%2Fcomments&post=268"}],"version-history":[{"count":0,"href":"https:\/\/aedecanarias.eu\/index.php?rest_route=\/wp\/v2\/posts\/268\/revisions"}],"wp:attachment":[{"href":"https:\/\/aedecanarias.eu\/index.php?rest_route=%2Fwp%2Fv2%2Fmedia&parent=268"}],"wp:term":[{"taxonomy":"category","embeddable":true,"href":"https:\/\/aedecanarias.eu\/index.php?rest_route=%2Fwp%2Fv2%2Fcategories&post=268"},{"taxonomy":"post_tag","embeddable":true,"href":"https:\/\/aedecanarias.eu\/index.php?rest_route=%2Fwp%2Fv2%2Ftags&post=268"}],"curies":[{"name":"wp","href":"https:\/\/api.w.org\/{rel}","templated":true}]}}