{"id":267,"date":"2013-11-04T18:44:00","date_gmt":"2013-11-04T18:44:00","guid":{"rendered":"https:\/\/aedecanarias.eu\/el-gobierno-quita-la-ayuda-a-miles-de-erasmus-a-mitad-de-curso"},"modified":"2013-11-04T18:44:00","modified_gmt":"2013-11-04T18:44:00","slug":"el-gobierno-quita-la-ayuda-a-miles-de-erasmus-a-mitad-de-curso","status":"publish","type":"post","link":"https:\/\/aedecanarias.eu\/?p=267","title":{"rendered":"El Gobierno quita la ayuda a miles de Erasmus a mitad de curso"},"content":{"rendered":"\n<div class=\"twitter-share\"><a href=\"https:\/\/twitter.com\/intent\/tweet?via=aedecanarias\" class=\"twitter-share-button\" data-size=\"large\">Twittear<\/a><\/div>\n<p><\/p>\n<div style=\"background-color: white;\">\n<div>\n<h1 style=\"font-family: Georgia, 'Times New Roman', Times, serif; font-size: 32px; font-weight: normal; letter-spacing: -1px; line-height: 41px; margin: -3px 0px 10px;\"><\/h1>\n<div>\n<h2 style=\"background-color: transparent; background-image: url(http:\/\/ep01.epimg.net\/iconos\/v1.x\/v1.0\/varios\/cuadrado_subtitulo.png); background-position: 0px 7px; background-repeat: no-repeat no-repeat; color: #333333; font-family: Arial, Helvetica, Garuda, sans-serif; font-size: 12px; font-weight: normal; line-height: 19px; margin: 0px 0px 1px 15px; padding: 0px 0px 0px 13px;\">Wert solo dar\u00e1 el complemento ministerial a quienes tengan beca general por falta de recursos La partida para estudiar en el extranjero ha ca\u00eddo un 71% desde 2011<\/h2>\n<\/div>\n<\/div>\n<\/div>\n<div style=\"background-color: white; border-bottom-color: rgb(221, 221, 221); border-bottom-style: solid; border-bottom-width: 1px; border-top-color: rgb(221, 221, 221); border-top-style: solid; border-top-width: 1px; color: #757575; font-family: Tahoma, Arial, Helvetica, Garuda, sans-serif; font-size: 11px; line-height: 18px; margin: 15px 0px 0px; padding: 4px 0px 3px 5px;\"><span style=\"color: black; float: left; font-weight: bold; width: 500px;\"><span style=\"border-right-color: rgb(117, 117, 117); border-right-style: solid; border-right-width: 1px; margin: 0px 5px 0px 0px; padding: 0px 5px 0px 0px; text-transform: uppercase;\"><a href=\"http:\/\/sociedad.elpais.com\/autor\/juan_antonio_aunion\/a\/\" rel=\"author\" style=\"border-bottom-color: rgb(102, 102, 102); border-bottom-style: dotted; border-bottom-width: 1px; color: black; outline: none; text-decoration: none;\" title=\"Ver todas las noticias de J. A. Auni\u00f3n\">J. A. AUNI\u00d3N<\/a>&nbsp;\/&nbsp;<a href=\"http:\/\/sociedad.elpais.com\/autor\/elisa_silio\/a\/\" rel=\"author\" style=\"border-bottom-color: rgb(102, 102, 102); border-bottom-style: dotted; border-bottom-width: 1px; color: black; outline: none; text-decoration: none;\" title=\"Ver todas las noticias de Elisa Sili\u00f3\">ELISA SILI\u00d3<\/a>&nbsp;\/&nbsp;<a href=\"http:\/\/sociedad.elpais.com\/autor\/manuel_planelles\/a\/\" rel=\"author\" style=\"border-bottom-color: rgb(102, 102, 102); border-bottom-style: dotted; border-bottom-width: 1px; color: black; outline: none; text-decoration: none;\" title=\"Ver todas las noticias de Manuel Planelles\">MANUEL PLANELLES<\/a>&nbsp;<\/span><span style=\"border-left-width: 0px; border-right-color: rgb(117, 117, 117); border-right-style: solid; border-right-width: 1px; margin: 0px 5px 0px 0px; padding: 0px 5px 0px 0px;\">Madrid \/ Sevilla&nbsp;<\/span><a href=\"http:\/\/sociedad.elpais.com\/tag\/fecha\/20131104\" style=\"color: black; font-family: Arial, Helvetica, Garuda, sans-serif; font-weight: normal; outline: none; text-decoration: none;\" title=\"Ver todas las noticias de esta fecha\">4 NOV 2013 &#8211;&nbsp;<\/a><\/span><span style=\"color: black; float: left; font-weight: bold; width: 500px;\">. El Pa\u00eds<\/span><\/div>\n<div style=\"background-color: white; font-family: Tahoma, Arial, Helvetica, Garuda, sans-serif; font-size: 11px; line-height: 17px; margin: -1px 0px 0px;\">\n<div style=\"border-top-color: rgb(221, 221, 221); border-top-style: solid; border-top-width: 1px; max-height: 37px; overflow: hidden; padding: 3px 0px;\">\n<ul style=\"display: inline; margin: 0px; padding: 0px;\">\n<li style=\"display: inline; list-style-type: none;\"><\/li>\n<\/ul>\n<\/div>\n<p><a href=\"http:\/\/sociedad.elpais.com\/sociedad\/2013\/11\/04\/actualidad\/1383570089_271346.html\" style=\"background-image: url(http:\/\/ep01.epimg.net\/iconos\/v1.x\/v1.0\/varios\/pico_mostrar_etiquetas.png); background-position: 50% 0%; background-repeat: no-repeat no-repeat; border-top-color: rgb(221, 221, 221); border-top-style: solid; border-top-width: 1px; color: #009a95; display: block; height: 7px; margin-top: 3px; outline: none; text-decoration: none;\" title=\"Mostrar m\u00e1s\"><\/a><\/div>\n<div style=\"background-color: white; margin: 0px 0px 40px 100px; min-height: 650px; overflow: visible; padding: 20px 0px 0px; width: 460px;\">\n<div style=\"clear: both; display: inline; float: left; margin: 0px 0px 0px -100px; padding: 0px; position: relative; z-index: 2;\">\n<div style=\"clear: both; margin: -5px 0px 0px; padding-bottom: 15px; width: 560px;\">\n<div><img loading=\"lazy\" decoding=\"async\" alt=\"\" height=\"250\" src=\"http:\/\/ep01.epimg.net\/sociedad\/imagenes\/2013\/11\/04\/actualidad\/1383570089_271346_1383570608_noticia_normal.jpg\" style=\"display: block; margin: 0px auto;\" title=\"\" width=\"560\" \/><\/p>\n<div style=\"border-bottom-color: rgb(204, 204, 204); border-bottom-style: dotted; border-bottom-width: 1px; color: #888888; font-family: Tahoma, Arial, Helvetica, Garuda, sans-serif; font-size: 11px; line-height: 17px; padding: 4px 0px 5px 100px;\">La Universidad de Bolonia, en Italia, es uno de los destinos m\u00e1s codiciados por los Erasmus espa\u00f1oles. \/&nbsp;<span style=\"color: #999999; font-size: 10px; line-height: 12px; text-transform: uppercase;\">M. N.<\/span><\/div>\n<\/div>\n<\/div>\n<\/div>\n<div>\n<div style=\"font-family: Arial, Helvetica, Garuda, sans-serif; font-size: 14px; line-height: 20px; margin-bottom: 15px; text-align: justify;\">El Ministerio de Educaci\u00f3n solo dar\u00e1 este curso ayuda econ\u00f3mica a los Erasmus que a su vez sean beneficiarios de una beca general (las destinadas a los alumnos con bajos recursos econ\u00f3micos). Cualquier estudiante podr\u00e1 seguir optando al Erasmus (el prestigioso y exitoso programa de movilidad de estudiantes de educaci\u00f3n superior entre los pa\u00edses europeos), pero si no es becario de esa ayuda general solo recibir\u00e1 la parte que llega desde la Comisi\u00f3n Europea (una media 133 euros mensuales) y las que, en su caso, d\u00e9 la comunidad aut\u00f3noma (por ejemplo, 200 euros en Catalu\u00f1a o 272 en Andaluc\u00eda), pero no la del ministerio (el curso pasado, unos 180 euros mensuales de media).<\/div>\n<div style=\"font-family: Arial, Helvetica, Garuda, sans-serif; font-size: 14px; line-height: 20px; margin-bottom: 15px; text-align: justify;\"><\/div>\n<p><a name='more'><\/a><\/p>\n<div style=\"font-family: Arial, Helvetica, Garuda, sans-serif; font-size: 14px; line-height: 20px; margin-bottom: 15px; text-align: justify;\">Es decir, si no hay ayuda de la comunidad (muchas las han reducido enormemente o eliminado en los \u00faltimos a\u00f1os), buena parte de los alumnos ver\u00e1n reducido el importe de su ayuda a menos de la mitad. Entre ellos, miles de estudiantes que ya est\u00e1n de Erasmus en estos momentos y que contaban con ese dinero. Dos ejemplos: en la Universidad de Granada, el 31% de los Erasmus son a su vez beneficiarios de becas generales; en la Complutense, en torno al 20%; as\u00ed que la reducci\u00f3n afectar\u00eda al 69% y 80%, respectivamente.<\/div>\n<div style=\"font-family: Arial, Helvetica, Garuda, sans-serif; font-size: 14px; line-height: 20px; margin-bottom: 15px; text-align: justify;\">M\u00e1s de 39.000 alumnos participaron en el programa en el curso 2011-2012 (\u00faltimos datos publicados). Espa\u00f1a es a la vez el pa\u00eds que m\u00e1s Erasmus env\u00eda a otros pa\u00edses y el que m\u00e1s recibe desde otros Estados.&nbsp;<\/div>\n<div style=\"font-family: Arial, Helvetica, Garuda, sans-serif; font-size: 14px; line-height: 20px; margin-bottom: 15px; text-align: justify;\">M\u00e1s all\u00e1 del debate sobre la conveniencia o no de concentrar en este grupo las ayudas en tiempos de crisis \u2013\u201cEl objetivo es garantizar que la aportaci\u00f3n llegue a los estudiantes participantes en el programa comunitario de movilidad con m\u00e1s bajos ingresos\u201d, dice la&nbsp;<a href=\"http:\/\/www.boe.es\/boe\/dias\/2013\/10\/29\/pdfs\/BOE-A-2013-11320.pdf\" style=\"border-bottom-color: rgb(0, 154, 149); border-bottom-style: dotted; border-bottom-width: 1px; color: #009a95; outline: none; padding: 2px 0px 1px; text-decoration: none;\">orden<\/a>&nbsp;del ministerio firmada el mismo d\u00eda de la&nbsp;<a href=\"http:\/\/sociedad.elpais.com\/sociedad\/2013\/10\/23\/actualidad\/1382557688_653585.html\" style=\"border-bottom-color: rgb(0, 154, 149); border-bottom-style: dotted; border-bottom-width: 1px; color: #009a95; outline: none; padding: 2px 0px 1px; text-decoration: none;\">huelga general educativa<\/a>, el 24 de octubre-, el resultado inmediato es que&nbsp;les han cambiado las reglas del juego a mitad de partido a miles de estudiantes que ya est\u00e1n actualmente de Erasmus o est\u00e1n a punto de viajar y que contaban con ese aporte ministerial.<\/div>\n<div style=\"clear: both; margin: 20px 0px;\"><a href=\"http:\/\/aede-canarias.blogspot.com\/\" name=\"sumario_1\" style=\"color: #009a95; outline: none;\"><\/a><\/p>\n<div style=\"clear: both;\">\n<div style=\"clear: both; margin-bottom: 15px; margin-top: 0px;\"><img loading=\"lazy\" decoding=\"async\" alt=\"\" height=\"426\" src=\"http:\/\/ep01.epimg.net\/sociedad\/imagenes\/2013\/11\/04\/actualidad\/1383570089_271346_1383575144_sumario_normal.png\" style=\"display: block; height: auto; width: 460px;\" title=\"\" width=\"560\" \/><\/p>\n<div style=\"border-bottom-color: rgb(204, 204, 204); border-bottom-style: dotted; border-bottom-width: 1px; color: #888888; font-family: Tahoma, Arial, Helvetica, Garuda, sans-serif; font-size: 11px; letter-spacing: 0px; line-height: 17px; padding: 5px 0px 10px;\">Fuente: Organismo Aut\u00f3nomo de Programas Educativos Europeos.<\/div>\n<\/div>\n<\/div>\n<\/div>\n<div style=\"font-family: Arial, Helvetica, Garuda, sans-serif; font-size: 14px; line-height: 20px; margin-bottom: 15px;\">La indignaci\u00f3n entre los estudiantes no ha hecho m\u00e1s que crecer en las \u00faltimas horas en las redes sociales. Laura Zornoza, alumna de Periodismo y Comunicaci\u00f3n Audiovisual en la Universidad Rey Juan Carlos de Madrid, el s\u00e1bado escribi\u00f3&nbsp;<a href=\"https:\/\/www.change.org\/es\/peticiones\/ministerio-de-educaci%C3%B3n-que-se-mantengan-las-becas-erasmus-para-universitarios-que-no-reciben-la-beca-general\" style=\"border-bottom-color: rgb(0, 154, 149); border-bottom-style: dotted; border-bottom-width: 1px; color: #009a95; outline: none; padding: 2px 0px 1px; text-decoration: none;\" target=\"_blank\" rel=\"noopener\">una carta abierta en la web change.org<\/a>&nbsp;llamando la atenci\u00f3n sobre el recorte. Ya la han firmado 20.000 personas. \u201cSe supone que son unas becas por m\u00e9ritos, no por condici\u00f3n econ\u00f3mica. Yo tengo un siete y medio y no voy a ver un euro\u201d, se lamenta Laura que es \u201cdamnificada en el futuro\u201d. Tras las Navidades se ir\u00e1 a Hamburgo (Alemania). Con los 115 euros mensuales que le abonar\u00e1 la Uni\u00f3n Europea y los 150 que esperaba recibir del ministerio pretend\u00eda pagarse la residencia. Por suerte all\u00ed el transporte lo paga la universidad y su familia puede apoyarla econ\u00f3micamente. Pero no todo el mundo puede. \u201cTengo amigos que dentro de dos meses ten\u00edan que solicitar el Erasmus del a\u00f1o que viene y no van a hacerlo. Para nosotros es mucho dinero. Te trastoca los planes\u201d.<\/div>\n<div style=\"font-family: Arial, Helvetica, Garuda, sans-serif; font-size: 14px; line-height: 20px; margin-bottom: 15px;\">La cuant\u00eda de la beca no se recibe mes a mes, sino en una o dos entregas, y los estudiantes, mientras tanto, adelantan el dinero. Los requisitos para obtener esta beca son el expediente acad\u00e9mico, el nivel de conocimiento del idioma de estudio en el pa\u00eds de destino y el curr\u00edculum v\u00edtae (y adicionalmente requisitos espec\u00edficos que pueden fijar los centros, si es necesario).<\/div>\n<div style=\"font-family: Arial, Helvetica, Garuda, sans-serif; font-size: 14px; line-height: 20px; margin-bottom: 15px;\">Con \u201csorpresa\u201d recibi\u00f3 el rector de la Universidad de Granada, Francisco Gonz\u00e1lez Lodeiro, los cambios introducidos por el ministerio en las becas Erasmus. Los responsables de esta universidad, que tiene 2.000 alumnos estudiando fuera gracias a este programa, se enteraron de los cambios la semana pasada. \u201cPod\u00edan haberlo comunicado en junio o julio para que los alumnos supieran las condiciones con las que se marchaban\u201d, apunta Gonz\u00e1lez Lodeiro. \u201cNo entiendo que se haga una vez iniciado el curso, cuando los estudiantes se van en septiembre al extranjero\u201d. La Universidad de Granada es la que m\u00e1s Erasmus env\u00eda fuera cada a\u00f1o.<\/div>\n<div style=\"font-family: Arial, Helvetica, Garuda, sans-serif; font-size: 14px; line-height: 20px; margin-bottom: 15px;\">En este momento, Gonz\u00e1lez Lodeiro calcula que unos 1.000 alumnos de Granada est\u00e1n ya fuera estudiando. Y solo el 30% de ellos son beneficiarios de la beca general, con lo que el 70% restante se quedar\u00e1 sin los 100 euros mensuales que cre\u00edan que iban a recibir del ministerio. Con todo, Gonz\u00e1lez Lodeiro resalta que la ayuda complementaria que tiene la Junta de Andaluc\u00eda no se ver\u00e1 afectada.<\/div>\n<div style=\"font-family: Arial, Helvetica, Garuda, sans-serif; font-size: 14px; line-height: 20px; margin-bottom: 15px;\">En una nota, el ministerio de Educaci\u00f3n asegura: \u00abPara que la ayuda realmente tenga sentido -en cantidad y en tipo de beneficiarios- la cuant\u00eda debe ser superior a la de cursos anteriores (esos 120 euros), de modo que quienes de verdad se encuentran en peor situaci\u00f3n econ\u00f3mica puedan beneficiarse de estas ayudas\u00bb. La ayuda del ministerio ser\u00e1 este curso de un m\u00e1ximo 300 euros mensuales, pero la cuant\u00eda final depender\u00e1 del n\u00famero de solicitantes y del dinero disponible.<\/div>\n<div style=\"font-family: Arial, Helvetica, Garuda, sans-serif; font-size: 14px; line-height: 20px; margin-bottom: 15px;\">Y la aportaci\u00f3n del ministerio a las becas Erasmus ha ca\u00eddo&nbsp;<a href=\"http:\/\/sociedad.elpais.com\/sociedad\/2013\/09\/30\/actualidad\/1380542695_635805.html\" style=\"border-bottom-color: rgb(0, 154, 149); border-bottom-style: dotted; border-bottom-width: 1px; color: #009a95; outline: none; padding: 2px 0px 1px; text-decoration: none;\">un 71% desde 2011<\/a>: de 67,2 millones a 18 millones en 2014, dos millones m\u00e1s, en todo caso, del dinero destinado a este programa este a\u00f1o 2013. Esto se suma a la&nbsp;<a href=\"http:\/\/sociedad.elpais.com\/sociedad\/2013\/01\/28\/actualidad\/1359370996_761067.html\" style=\"border-bottom-color: rgb(0, 154, 149); border-bottom-style: dotted; border-bottom-width: 1px; color: #009a95; outline: none; padding: 2px 0px 1px; text-decoration: none;\">desaparici\u00f3n de las becas S\u00e9neca<\/a>&nbsp;que, nacidas hace 13 a\u00f1os, eran un programa de movilidad similar al Erasmus, pero dentro de Espa\u00f1a. Y m\u00e1s en general, se une al endurecimiento de los requisitos acad\u00e9micos para acceder a esas becas generales.<\/div>\n<div style=\"font-family: Arial, Helvetica, Garuda, sans-serif; font-size: 14px; line-height: 20px; margin-bottom: 15px;\">\u00abCon esta decisi\u00f3n, el Gobierno pretende hacer de la aportaci\u00f3n complementaria a los estudiantes Erasmus una ayuda verdaderamente social, que garantice la igualdad de oportunidades\u00bb, concluye la nota del ministerio. Nada dice de los que se ver\u00e1n afectados este a\u00f1o con el curso ya empezado.<\/div>\n<div style=\"clear: both; margin: 20px 0px;\"><a href=\"http:\/\/aede-canarias.blogspot.com\/\" name=\"sumario_2\" style=\"color: #009a95; outline: none;\"><\/a><\/p>\n<div style=\"background-color: #f3f3e5; clear: both; margin: 40px 0px 20px; padding: 0px 20px 20px;\">\n<h2 style=\"border-bottom-color: rgb(212, 212, 199); border-bottom-style: solid; border-bottom-width: 1px; border-left-color: rgb(232, 232, 218); border-left-style: solid; border-left-width: 10px; color: #30302b; font-family: 'Lucida sans unicode', 'Lucida Grande', Arial, Helvetica, Garuda, sans-serif; font-size: 26px; font-weight: normal; letter-spacing: -1px; line-height: 32px; margin: 0px -20px 20px -30px; padding: 10px 10px 10px 20px;\">De haberlo sabido&#8230;<\/h2>\n<div style=\"color: #30302b; font-family: Arial, Helvetica, Garuda, sans-serif; font-size: 11px; font-weight: bold; line-height: 18px; padding: 0px 0px 10px; text-transform: uppercase;\">E. SILI\u00d3<\/div>\n<div style=\"color: #30302b; font-family: Arial, Helvetica, Garuda, sans-serif; font-size: 12px; line-height: 20px; padding: 0px 0px 15px;\">Ayer, a las cuatro de la tarde, cuatro Erasmus en Foggia (sur de Italia) crearon una p\u00e1gina en las redes sociales para movilizar a sus compa\u00f1eros de toda Europa. Cuando a las tres de la ma\u00f1ana se fueron a la cama, eran m\u00e1s de 4.000 inscritos. Alguno reconoce que no se lo ha dicho a sus padres para evitarles el disgusto por unas horas. Los cuatro \u2014I\u00f1aki Talens (Educaci\u00f3n F\u00edsica, Valencia), Germ\u00e1n Fern\u00e1ndez (Medicina, Sevilla), Alex (Derecho, Ja\u00e9n) y Fernando (Marketing, Almer\u00eda)\u2014 aseguran que no hubiesen solicitado la \u00abbeca\u00bb de haberlo sabido. En Foggia son unos 60 Erasmus espa\u00f1oles. \u00abDicen que nunca hab\u00eda habido tanto. Claro, como para no si no dan un duro\u00bb, ironizan por Skype. Sus compa\u00f1eros turcos reciben unos 800 euros mensuales y ellos creen tener dinero hasta marzo. Planean trabajar algunas horas, pero en la Puglia hay poco trabajo y mal pagado. Una amiga, tambi\u00e9n espa\u00f1ola, cobra tres euros la hora como camarera.<\/div>\n<div style=\"color: #30302b; font-family: Arial, Helvetica, Garuda, sans-serif; font-size: 12px; line-height: 20px; padding: 0px 0px 15px;\">La casa de I\u00f1aki en Foggia se ha convertido en una oficina y all\u00ed con sus port\u00e1tiles est\u00e1n los estudiantes \u00abmoviendo\u00bb la Red y organizando concentraciones. Hay un encuentro de Erasmus programado por la UE en Roma a mediados de mes. Una ocasi\u00f3n propicia para manifestarse pero no todos pueden permitirse gastarse 150 euros en el viaje. Ya el retorno a casa por Navidades es un exceso, pero sus familias no entender\u00edan que no fuesen. La vida en Foggia no es muy cara \u2014pagan 240 euros de piso\u2014 pero la comida s\u00ed. As\u00ed que sus familias les mandan paquetes desde Espa\u00f1a. \u00abYo he recibido ya dos cajas de 30 kilos\u00bb, cuenta I\u00f1aki. Han cobrado el 80% de la ayuda de la UE (el 20% restante al finalizar la beca) y en el caso de \u00c1lex 2.000 euros de la Junta de Andaluc\u00eda. El dinero andaluz no siempre llega a tiempo as\u00ed que prefieren no contar con \u00e9l. \u00abTengo una amiga a la que a\u00fan le deben sus 1.000 euros de un Erasmus en Portugal el a\u00f1o pasado\u00bb, cuenta la almeriense Mar\u00eda Fern\u00e1ndez, desde M\u00f3dena, en el norte de Italia. Sus gastos all\u00ed son mayores: 310 euros de casa m\u00e1s gastos como la calefacci\u00f3n imprescindible en esas latitudes.<\/div>\n<\/div>\n<\/div>\n<\/div>\n<\/div>\n<div style=\"background-color: white;\">\n<div>\n<div>\n<div style=\"background-color: transparent; background-image: url(http:\/\/ep01.epimg.net\/iconos\/v1.x\/v1.0\/varios\/publicidad_horizontal.png); background-position: 0px 3px; background-repeat: no-repeat no-repeat; border-top-color: rgb(204, 204, 204); border-top-style: solid; border-top-width: 1px; clear: both; margin: 20px 0px 0px; padding-top: 20px;\">\n<ul style=\"background-color: #e6e6e6; background-position: initial initial; background-repeat: initial initial; border-bottom-left-radius: 4px; border-bottom-right-radius: 4px; border-top-left-radius: 4px; border-top-right-radius: 4px; list-style-image: initial; list-style-position: initial; list-style-type: none; margin: 0px 0px 6px; padding: 3px 15px 6px;\"><\/ul>\n<\/div>\n<\/div>\n<\/div>\n<\/div>\n","protected":false},"excerpt":{"rendered":"<p>Wert solo dar\u00e1 el complemento ministerial a quienes tengan beca general por falta de recursos&#8230;<\/p>\n","protected":false},"author":2,"featured_media":0,"comment_status":"open","ping_status":"open","sticky":false,"template":"","format":"standard","meta":{"ngg_post_thumbnail":0,"footnotes":""},"categories":[1],"tags":[],"class_list":["post-267","post","type-post","status-publish","format-standard","hentry","category-hemeroteca"],"_links":{"self":[{"href":"https:\/\/aedecanarias.eu\/index.php?rest_route=\/wp\/v2\/posts\/267","targetHints":{"allow":["GET"]}}],"collection":[{"href":"https:\/\/aedecanarias.eu\/index.php?rest_route=\/wp\/v2\/posts"}],"about":[{"href":"https:\/\/aedecanarias.eu\/index.php?rest_route=\/wp\/v2\/types\/post"}],"author":[{"embeddable":true,"href":"https:\/\/aedecanarias.eu\/index.php?rest_route=\/wp\/v2\/users\/2"}],"replies":[{"embeddable":true,"href":"https:\/\/aedecanarias.eu\/index.php?rest_route=%2Fwp%2Fv2%2Fcomments&post=267"}],"version-history":[{"count":0,"href":"https:\/\/aedecanarias.eu\/index.php?rest_route=\/wp\/v2\/posts\/267\/revisions"}],"wp:attachment":[{"href":"https:\/\/aedecanarias.eu\/index.php?rest_route=%2Fwp%2Fv2%2Fmedia&parent=267"}],"wp:term":[{"taxonomy":"category","embeddable":true,"href":"https:\/\/aedecanarias.eu\/index.php?rest_route=%2Fwp%2Fv2%2Fcategories&post=267"},{"taxonomy":"post_tag","embeddable":true,"href":"https:\/\/aedecanarias.eu\/index.php?rest_route=%2Fwp%2Fv2%2Ftags&post=267"}],"curies":[{"name":"wp","href":"https:\/\/api.w.org\/{rel}","templated":true}]}}