{"id":266,"date":"2013-11-05T20:20:00","date_gmt":"2013-11-05T20:20:00","guid":{"rendered":"https:\/\/aedecanarias.eu\/bruselas-insta-a-espana-a-solucionar-el-dano-causado-a-los-erasmus"},"modified":"2013-11-05T20:20:00","modified_gmt":"2013-11-05T20:20:00","slug":"bruselas-insta-a-espana-a-solucionar-el-dano-causado-a-los-erasmus","status":"publish","type":"post","link":"https:\/\/aedecanarias.eu\/?p=266","title":{"rendered":"Bruselas insta a Espa\u00f1a a solucionar el da\u00f1o causado a los \u2018erasmus\u2019"},"content":{"rendered":"\n<div class=\"twitter-share\"><a href=\"https:\/\/twitter.com\/intent\/tweet?via=aedecanarias\" class=\"twitter-share-button\" data-size=\"large\">Twittear<\/a><\/div>\n<p><\/p>\n<div style=\"background-color: white; font-family: Arial, Helvetica, Garuda, sans-serif; font-size: 14px; line-height: 20px; margin-bottom: 15px;\">La decisi\u00f3n del Ministerio de Educaci\u00f3n de&nbsp;<a href=\"http:\/\/sociedad.elpais.com\/sociedad\/2013\/11\/04\/actualidad\/1383570089_271346.html\" style=\"border-bottom-color: rgb(0, 154, 149); border-bottom-style: dotted; border-bottom-width: 1px; color: #009a95; outline: none; padding: 2px 0px 1px; text-decoration: none;\" target=\"_blank\" rel=\"noopener\">reservar la beca Erasmus a los estudiantes con rentas m\u00e1s bajas<\/a>&nbsp;no solo ha indignado a los damnificados y a la comunidad educativa. La Comisi\u00f3n Europea ha mostrado hoy su malestar por un anuncio que se ha hecho de la noche a la ma\u00f1ana, perjudicando a los estudiantes que ya hab\u00edan comenzado el curso y contaban con la ayuda estatal.<\/div>\n<div style=\"background-color: white; font-family: Arial, Helvetica, Garuda, sans-serif; font-size: 14px; line-height: 20px; margin-bottom: 15px;\">En Bruselas recuerdan que el dinero que se ha recortado es solo el que concede el Gobierno espa\u00f1ol. Y que es perfectamente leg\u00edtimo que este haya decidido \u2014como ya hicieron antes Francia y B\u00e9lgica\u2014 reservar sus fondos solo para aquellos que m\u00e1s necesidades econ\u00f3micas tengan. El problema viene por el perjuicio causado a unos j\u00f3venes que tomaron la decisi\u00f3n de ir a una Universidad europea contando con un dinero que ahora se les retira.<\/div>\n<div style=\"background-color: white; font-family: Arial, Helvetica, Garuda, sans-serif; font-size: 14px; line-height: 20px; margin-bottom: 15px;\"><\/div>\n<p><a name='more'><\/a><\/p>\n<div style=\"background-color: white; font-family: Arial, Helvetica, Garuda, sans-serif; font-size: 14px; line-height: 20px; margin-bottom: 15px;\">\u201cLa decisi\u00f3n de las autoridades espa\u00f1olas deber\u00eda haberse anunciado a los estudiantes antes del inicio del a\u00f1o universitario. Lo que est\u00e1n ahora en el programa Erasmus 2013-2014 se ven penalizados. Deber\u00edan haber sido informados de la suspensi\u00f3n o del cambio de la aportaci\u00f3n que hace el Gobierno\u201d, ha se\u00f1alado un portavoz comunitario. Bruselas no solo critica la decisi\u00f3n del ministro Jos\u00e9 Ignacio Wert, sino que insta a Espa\u00f1a a reparar el da\u00f1o causado. \u201cEsperamos que las expectativas leg\u00edtimas de los estudiantes puedan ser atendidas por las autoridades espa\u00f1olas\u201d, ha a\u00f1adido el portavoz.<\/div>\n<h3 style=\"background-color: white; font-family: Arial, Helvetica, Garuda, sans-serif; font-size: 18px; line-height: 22px; margin: 25px 0px 10px;\">Reacciones en Espa\u00f1a<\/h3>\n<div style=\"background-color: white; font-family: Arial, Helvetica, Garuda, sans-serif; font-size: 14px; line-height: 20px; margin-bottom: 15px;\">Esta ma\u00f1ana, dos gobiernos populares han anunciado que asumir\u00e1n la parte ministerial de la beca. Extremadura abonar\u00e1 el dinero a 490 estudiantes extreme\u00f1os y La Rioja, que ya becada con 160 euros mensuales. La Xunta gallega ha asegurado que \u00abmantendr\u00e1n el esfuerzo\u00bb.&nbsp;El consejero de Educaci\u00f3n, Jes\u00fas V\u00e1zquez, ha se\u00f1alado que \u00abel compromiso es claro; incrementamos un 30% las bolsas Erasmus\u00bb, lo que significa un aumento de la dotaci\u00f3n \u00abde un mill\u00f3n a 1,3 millones de euros\u00bb.<\/div>\n<div style=\"background-color: white; font-family: Arial, Helvetica, Garuda, sans-serif; font-size: 14px; line-height: 20px; margin-bottom: 15px;\">La Universidad Rey Juan Carlos de Madrid tambi\u00e9n ha anunciado que aportar\u00e1 100 euros mensuales a los 355 becarios que han perdido la parte que abonaba Educaci\u00f3n. Otros 79 alumnos la mantienen por tener becas generales. El fondo es de 214.775 euros.<\/div>\n<div style=\"background-color: white; font-family: Arial, Helvetica, Garuda, sans-serif; font-size: 14px; line-height: 20px; margin-bottom: 15px;\">El presidente de la Confederaci\u00f3n Espa\u00f1ola de&nbsp;<a href=\"http:\/\/www.ceapa.es\/web\/guest;jsessionid=C278CA2510074841AFACFBCA85A61F7E\" style=\"border-bottom-color: rgb(0, 154, 149); border-bottom-style: dotted; border-bottom-width: 1px; color: #009a95; outline: none; padding: 2px 0px 1px; text-decoration: none;\" target=\"_blank\" rel=\"noopener\">Asociaciones de Padres y Madres de Alumnos<\/a>&nbsp;(Ceapa), Jes\u00fas S\u00e1nchez, ha calificado la decisi\u00f3n del Gobierno de \u00abduro ataque\u00bb a las personas m\u00e1s vulnerables y a la ense\u00f1anza p\u00fablica. S\u00e1nchez ha recordado que su organizaci\u00f3n acudi\u00f3 al Tribunal Supremo para solicitar la paralizaci\u00f3n del proyecto de becas del Ministerio de Educaci\u00f3n y explic\u00f3 que, por el momento, la denuncia ha sido admitida a tr\u00e1mite. \u00abEsperemos que la justicia se pronuncie a nuestro favor\u00bb.<\/div>\n<div style=\"background-color: white; font-family: Arial, Helvetica, Garuda, sans-serif; font-size: 14px; line-height: 20px; margin-bottom: 15px;\">Juventudes Socialistas de Espa\u00f1a (JSE) tambi\u00e9n va a recurrir a la justicia. La organizaci\u00f3n est\u00e1 preparando un recurso ante la Audiencia Nacional para pedir la paralizaci\u00f3n de&nbsp;<a href=\"http:\/\/sociedad.elpais.com\/sociedad\/2013\/11\/04\/actualidad\/1383570089_271346.html\" style=\"border-bottom-color: rgb(0, 154, 149); border-bottom-style: dotted; border-bottom-width: 1px; color: #009a95; outline: none; padding: 2px 0px 1px; text-decoration: none;\" target=\"_blank\" rel=\"noopener\">la orden ministerial sobre las becas Erasmus<\/a>&nbsp;y reclamar que se sigan abonando a sus beneficiarios.<\/div>\n<div style=\"background-color: white; font-family: Arial, Helvetica, Garuda, sans-serif; font-size: 14px; line-height: 20px; margin-bottom: 15px;\">El secretario general de JSE, Nino Torre, opina que \u00abes indecente que el Gobierno act\u00fae con esta nocturnidad y alevos\u00eda,&nbsp;<a href=\"http:\/\/sociedad.elpais.com\/sociedad\/2013\/11\/04\/actualidad\/1383595323_278714.html\" style=\"border-bottom-color: rgb(0, 154, 149); border-bottom-style: dotted; border-bottom-width: 1px; color: #009a95; outline: none; padding: 2px 0px 1px; text-decoration: none;\" target=\"_blank\" rel=\"noopener\">dejando tirados por sorpresa a miles de estudiantes [m\u00e1s de 30.000]<\/a>&nbsp;que ya han iniciado el curso en su pa\u00eds europeo de destino\u00bb.<\/div>\n<div style=\"background-color: white; font-family: Arial, Helvetica, Garuda, sans-serif; font-size: 14px; line-height: 20px; margin-bottom: 15px;\">La portavoz del PSOE en el Congreso, Soraya Rodr\u00edguez, ha reclamado al Gobierno que anule \u00abde forma inmediata\u00bb el nuevo recorte emprendido en las becas Erasmus, que \u00abdeja tirados\u00bb a los miles de estudiantes que estudian en el extranjero. Los socialistas han registrado una proposici\u00f3n no de ley en la que reclaman que se mantengan las ayudas, para que se debata tanto en el Pleno del Congreso como en la Comisi\u00f3n de Educaci\u00f3n de la C\u00e1mara Baja.<\/div>\n<div style=\"background-color: white; font-family: Arial, Helvetica, Garuda, sans-serif; font-size: 14px; line-height: 20px; margin-bottom: 15px;\">El PSOE ya hab\u00eda pedido ayer la comparecencia urgente en el Congreso del ministro de Educaci\u00f3n,&nbsp;<a href=\"http:\/\/elpais.com\/tag\/jose_ignacio_wert\/a\/\" style=\"border-bottom-color: rgb(0, 154, 149); border-bottom-style: dotted; border-bottom-width: 1px; color: #009a95; outline: none; padding: 2px 0px 1px; text-decoration: none;\" target=\"_blank\" rel=\"noopener\">Jos\u00e9 Ignacio Wert<\/a>, para que explicara por qu\u00e9 se exige haber sido beneficiario de una beca general universitaria el curso pasado para poder optar en el 2013-2014 al complemento ministerial de las becas Erasmus. En el curso 2011-2012 se acogieron al programa de movilidad universitaria Erasmus 33.660 espa\u00f1oles, seg\u00fan el organismo aut\u00f3nomo de programas educativos europeos.<\/div>\n","protected":false},"excerpt":{"rendered":"<p>La decisi\u00f3n del Ministerio de Educaci\u00f3n de&nbsp;reservar la beca Erasmus a los estudiantes con rentas&#8230;<\/p>\n","protected":false},"author":2,"featured_media":0,"comment_status":"open","ping_status":"open","sticky":false,"template":"","format":"standard","meta":{"ngg_post_thumbnail":0,"footnotes":""},"categories":[1],"tags":[],"class_list":["post-266","post","type-post","status-publish","format-standard","hentry","category-hemeroteca"],"_links":{"self":[{"href":"https:\/\/aedecanarias.eu\/index.php?rest_route=\/wp\/v2\/posts\/266","targetHints":{"allow":["GET"]}}],"collection":[{"href":"https:\/\/aedecanarias.eu\/index.php?rest_route=\/wp\/v2\/posts"}],"about":[{"href":"https:\/\/aedecanarias.eu\/index.php?rest_route=\/wp\/v2\/types\/post"}],"author":[{"embeddable":true,"href":"https:\/\/aedecanarias.eu\/index.php?rest_route=\/wp\/v2\/users\/2"}],"replies":[{"embeddable":true,"href":"https:\/\/aedecanarias.eu\/index.php?rest_route=%2Fwp%2Fv2%2Fcomments&post=266"}],"version-history":[{"count":0,"href":"https:\/\/aedecanarias.eu\/index.php?rest_route=\/wp\/v2\/posts\/266\/revisions"}],"wp:attachment":[{"href":"https:\/\/aedecanarias.eu\/index.php?rest_route=%2Fwp%2Fv2%2Fmedia&parent=266"}],"wp:term":[{"taxonomy":"category","embeddable":true,"href":"https:\/\/aedecanarias.eu\/index.php?rest_route=%2Fwp%2Fv2%2Fcategories&post=266"},{"taxonomy":"post_tag","embeddable":true,"href":"https:\/\/aedecanarias.eu\/index.php?rest_route=%2Fwp%2Fv2%2Ftags&post=266"}],"curies":[{"name":"wp","href":"https:\/\/api.w.org\/{rel}","templated":true}]}}