{"id":265,"date":"2013-11-05T20:24:00","date_gmt":"2013-11-05T20:24:00","guid":{"rendered":"https:\/\/aedecanarias.eu\/la-presion-del-pp-obliga-a-wert-a-rectificar-sobre-las-becas-erasmus"},"modified":"2013-11-05T20:24:00","modified_gmt":"2013-11-05T20:24:00","slug":"la-presion-del-pp-obliga-a-wert-a-rectificar-sobre-las-becas-erasmus","status":"publish","type":"post","link":"https:\/\/aedecanarias.eu\/?p=265","title":{"rendered":"La presi\u00f3n del PP obliga a Wert a rectificar sobre las becas Erasmus"},"content":{"rendered":"\n<div class=\"twitter-share\"><a href=\"https:\/\/twitter.com\/intent\/tweet?via=aedecanarias\" class=\"twitter-share-button\" data-size=\"large\">Twittear<\/a><\/div>\n<p><\/p>\n<div style=\"background-color: white;\">\n<div>\n<div>\n<h2 style=\"background-color: transparent; background-image: url(http:\/\/ep01.epimg.net\/iconos\/v1.x\/v1.0\/varios\/cuadrado_subtitulo.png); background-position: 0px 7px; background-repeat: no-repeat no-repeat; color: #333333; font-family: Arial, Helvetica, Garuda, sans-serif; font-size: 12px; font-weight: normal; line-height: 19px; margin: 0px 0px 1px 15px; padding: 0px 0px 0px 13px;\">El ministro dice que la decisi\u00f3n ha sido \u00abiniciativa\u00bb de su departamento en conversaci\u00f3n con Rajoy, S\u00e1enz de Santamar\u00eda y el Ministerio de Hacienda<\/h2>\n<\/div>\n<\/div>\n<div style=\"margin: 0px;\">\n<ul style=\"margin: 0px; padding: 0px;\">\n<li style=\"background-color: transparent; background-image: url(http:\/\/ep01.epimg.net\/iconos\/v1.x\/v1.0\/varios\/cuadrado_subtitulo.png); background-position: 15px 7px; background-repeat: no-repeat no-repeat; color: #333333; font-family: Arial, Helvetica, Garuda, sans-serif; font-size: 12px; line-height: 19px; list-style-type: none; margin: 0px 0px 1px; padding: 0px 0px 0px 28px;\"><a href=\"http:\/\/sociedad.elpais.com\/sociedad\/2013\/11\/05\/actualidad\/1383657875_465040.html\" style=\"color: #009a95; outline: none; text-decoration: none;\" target=\"_blank\" rel=\"noopener\"><strong>Presi\u00f3n del PP para que Wert anule el recorte de las \u2018Erasmus\u2019<\/strong><\/a><\/li>\n<li style=\"background-color: transparent; background-image: url(http:\/\/ep01.epimg.net\/iconos\/v1.x\/v1.0\/varios\/cuadrado_subtitulo.png); background-position: 15px 7px; background-repeat: no-repeat no-repeat; color: #333333; font-family: Arial, Helvetica, Garuda, sans-serif; font-size: 12px; line-height: 19px; list-style-type: none; margin: 0px 0px 1px; padding: 0px 0px 0px 28px;\"><a href=\"http:\/\/sociedad.elpais.com\/sociedad\/2013\/11\/05\/actualidad\/1383642704_350496.html\" style=\"color: #009a95; outline: none; text-decoration: none;\" target=\"_blank\" rel=\"noopener\"><strong>Wert pide \u201csacrificio\u201d a los que han perdido las becas europeas<\/strong><\/a><\/li>\n<li style=\"background-color: transparent; background-image: url(http:\/\/ep01.epimg.net\/iconos\/v1.x\/v1.0\/varios\/cuadrado_subtitulo.png); background-position: 15px 7px; background-repeat: no-repeat no-repeat; font-family: Arial, Helvetica, Garuda, sans-serif; font-size: 12px; line-height: 19px; list-style-type: none; margin: 0px 0px 1px; padding: 0px 0px 0px 28px;\"><strong style=\"color: #009a95; outline: none; text-decoration: none;\"><a href=\"http:\/\/sociedad.elpais.com\/sociedad\/2013\/11\/04\/actualidad\/1383570089_271346.html\" style=\"color: #009a95; outline: none; text-decoration: none;\" target=\"_blank\" rel=\"noopener\">Educaci\u00f3n quita la ayuda a miles de \u2018erasmus\u2019 a mitad de curso<\/a>&nbsp; &nbsp; &nbsp; &nbsp; &nbsp; &nbsp; &nbsp; &nbsp; &nbsp; &nbsp; &nbsp; &nbsp; &nbsp; &nbsp; &nbsp; &nbsp; &nbsp; &nbsp; &nbsp;<\/strong><strong style=\"outline: none; text-decoration: none;\"><span style=\"color: blue;\"> El Pa\u00eds<\/span><\/strong><\/li>\n<\/ul>\n<\/div>\n<\/div>\n<div style=\"background-color: white; border-bottom-color: rgb(221, 221, 221); border-bottom-style: solid; border-bottom-width: 1px; border-top-color: rgb(221, 221, 221); border-top-style: solid; border-top-width: 1px; color: #757575; font-family: Tahoma, Arial, Helvetica, Garuda, sans-serif; font-size: 11px; line-height: 18px; margin: 15px 0px 0px; padding: 4px 0px 3px 5px;\"><img loading=\"lazy\" decoding=\"async\" height=\"308\" id=\"caratula_1383662970_911758_1383665695\" src=\"http:\/\/ep00.epimg.net\/sociedad\/imagenes\/2013\/11\/05\/actualidad\/1383662970_911758_1383672062_noticia_fotograma.jpg\" style=\"height: 308px;\" width=\"560\" \/><\/div>\n<div style=\"background-color: white; border-bottom-color: rgb(221, 221, 221); border-bottom-style: solid; border-bottom-width: 1px; border-top-color: rgb(221, 221, 221); border-top-style: solid; border-top-width: 1px; color: #757575; font-family: Tahoma, Arial, Helvetica, Garuda, sans-serif; font-size: 11px; line-height: 18px; margin: 15px 0px 0px; padding: 4px 0px 3px 5px;\">\n<div style=\"color: black; font-family: Arial, Helvetica, Garuda, sans-serif; font-size: 14px; line-height: 20px; margin-bottom: 15px;\">La presi\u00f3n del PP ha obligado al ministro de Educaci\u00f3n a rectificar su<a href=\"http:\/\/sociedad.elpais.com\/sociedad\/2013\/11\/04\/actualidad\/1383570089_271346.html\" style=\"border-bottom-color: rgb(0, 154, 149); border-bottom-style: dotted; border-bottom-width: 1px; color: #009a95; outline: none; padding: 2px 0px 1px; text-decoration: none;\" target=\"_blank\" rel=\"noopener\">pol\u00e9mica medida sobre las becas Erasmus<\/a>&nbsp;que dejaba a miles de estudiantes \u2014aquellos que no perciben becas generales por falta de recursos\u2014 sin las ayudas que concede el ministerio.&nbsp;<a href=\"http:\/\/sociedad.elpais.com\/sociedad\/2013\/11\/05\/actualidad\/1383657875_465040.html\" style=\"border-bottom-color: rgb(0, 154, 149); border-bottom-style: dotted; border-bottom-width: 1px; color: #009a95; outline: none; padding: 2px 0px 1px; text-decoration: none;\" target=\"_blank\" rel=\"noopener\">Wert, acorralado por las comunidades aut\u00f3nomas, las universidades, los partidos pol\u00edticos, los dirigentes del PP<\/a>&nbsp;e, incluso,&nbsp;<a href=\"http:\/\/sociedad.elpais.com\/sociedad\/2013\/11\/05\/actualidad\/1383647901_606247.html\" style=\"border-bottom-color: rgb(0, 154, 149); border-bottom-style: dotted; border-bottom-width: 1px; color: #009a95; outline: none; padding: 2px 0px 1px; text-decoration: none;\">por la Comisi\u00f3n Europea<\/a>&nbsp;ha dado marcha atr\u00e1s.<\/div>\n<div style=\"color: black; font-family: Arial, Helvetica, Garuda, sans-serif; font-size: 14px; line-height: 20px; margin-bottom: 15px;\"><\/div>\n<p><a name='more'><\/a><\/p>\n<div style=\"color: black; font-family: Arial, Helvetica, Garuda, sans-serif; font-size: 14px; line-height: 20px; margin-bottom: 15px;\">A pesar de todo esto, ha asegurado que la rectificaci\u00f3n ha sido una \u00abiniciativa\u00bb de su departamento tras las conversaciones mantenidas con el presidente del Gobierno, la vicepresidencia y el Ministerio de Hacienda. Se toma, ha explicado, una vez comprobado que \u00abse han podido ver defraudadas algunas expectativas de los estudiantes\u00bb. Efectivamente, muchos de ellos s<a href=\"http:\/\/sociedad.elpais.com\/sociedad\/2013\/11\/04\/actualidad\/1383595323_278714.html\" style=\"border-bottom-color: rgb(0, 154, 149); border-bottom-style: dotted; border-bottom-width: 1px; color: #009a95; outline: none; padding: 2px 0px 1px; text-decoration: none;\" target=\"_blank\" rel=\"noopener\">e han quejado al ver que perd\u00edan a mitad de curso una ayuda que les era imprescindible<\/a>&nbsp;para continuar sus estudios en Europa.<\/div>\n<div style=\"color: black; font-family: Arial, Helvetica, Garuda, sans-serif; font-size: 14px; line-height: 20px; margin-bottom: 15px;\">La soluci\u00f3n t\u00e9cnica que anuncia Wert para arreglar este desaguisado pol\u00edtico es mantener la orden emitida el pasado d\u00eda 24 de octubre \u2014tercera jornada de protestas contra los recortes y su ley educativa\u2014 y lanzar una nueva que establezca que los alumnos afectados contar\u00e1n con el mismo dinero que sus predecesores en este programa de movilidad europeo. Fuentes del ministerio aseguran que habr\u00e1 m\u00e1s dinero para financiar los estudios de estos universitarios espa\u00f1oles. La partida ministerial \u2014el programa se financia con fondos europeos, gubernamentales y en su caso, si los hay, auton\u00f3micos\u2014 ha menguado un 71% desde 2011 y hoy es de 16 millones de euros.<\/div>\n<div style=\"color: black; font-family: Arial, Helvetica, Garuda, sans-serif; font-size: 14px; line-height: 20px; margin-bottom: 15px;\">El ministro ha dicho que la Comisi\u00f3n Europea est\u00e1 redefiniendo este programa de becas para los pr\u00f3ximos siete a\u00f1os y que su departamento se atendr\u00e1 a los dictados que vengan de Bruselas. Se ha comprometido a que la pr\u00f3xima convocatoria se har\u00e1 con tiempo \u2014entre julio y agosto\u2014 para que los alumnos puedan hacerse su composici\u00f3n de lugar.<\/div>\n<div style=\"color: black; font-family: Arial, Helvetica, Garuda, sans-serif; font-size: 14px; line-height: 20px; margin-bottom: 15px;\">El discurso del ministro, cuestionado desde todos los sectores educativos y pol\u00edticos, se ha ido matizando y suavizando conforme avanzaba la ma\u00f1ana. A primera hora, en una entrevista en la cadena Cope&nbsp;<a href=\"http:\/\/sociedad.elpais.com\/sociedad\/2013\/11\/05\/actualidad\/1383642704_350496.html\" style=\"border-bottom-color: rgb(0, 154, 149); border-bottom-style: dotted; border-bottom-width: 1px; color: #009a95; outline: none; padding: 2px 0px 1px; text-decoration: none;\" target=\"_blank\" rel=\"noopener\">Wert ped\u00eda un \u00absacrificio algo mayor\u00bb a las familias con m\u00e1s recursos<\/a>&nbsp;para que los estudiantes con una situaci\u00f3n econ\u00f3mica m\u00e1s desfavorable puedan acceder a las becas Erasmus. Despu\u00e9s llegaban las quejas de estudiantes, universidades y comunidades aut\u00f3nomas \u2014algunas de las cuales anunciaron m\u00e1s dinero para compensar la retirada de fondos gubernamentales\u2014 y de la&nbsp;<a href=\"http:\/\/sociedad.elpais.com\/sociedad\/2013\/11\/05\/actualidad\/1383647901_606247.html\" style=\"border-bottom-color: rgb(0, 154, 149); border-bottom-style: dotted; border-bottom-width: 1px; color: #009a95; outline: none; padding: 2px 0px 1px; text-decoration: none;\" target=\"_blank\" rel=\"noopener\">Comisi\u00f3n Europea que cuestionaba de ra\u00edz esta decisi\u00f3n por da\u00f1ar \u00ablas expectativas leg\u00edtimas de los estudiantes\u00bb<\/a>.<\/div>\n<div style=\"color: black; font-family: Arial, Helvetica, Garuda, sans-serif; font-size: 14px; line-height: 20px; margin-bottom: 15px;\">La desautorizaci\u00f3n del ministro de Educaci\u00f3n ha tenido durante la ma\u00f1ana destacados protagonistas dentro de la direcci\u00f3n del PP. Entre ellos, el secretario de Organizaci\u00f3n,&nbsp; Esteban Gonz\u00e1lez Pons, que retuite\u00f3 un mensaje de un militante del PP: \u00ab30 a\u00f1os de militante y no poder explicar a mi hijo lo que hace mi partido\u00bb. Minutos despu\u00e9s, y poco antes de la comparecencia de Wert, el portavoz del grupo popular en el Congreso, Alfonso Alonso, correg\u00eda al ministro: \u201cHemos de ser sensibles ante la inquietud creada y hay tiempo para encontrar una soluci\u00f3n\u00bb.<\/div>\n<\/div>\n","protected":false},"excerpt":{"rendered":"<p>El ministro dice que la decisi\u00f3n ha sido \u00abiniciativa\u00bb de su departamento en conversaci\u00f3n con&#8230;<\/p>\n","protected":false},"author":2,"featured_media":0,"comment_status":"open","ping_status":"open","sticky":false,"template":"","format":"standard","meta":{"ngg_post_thumbnail":0,"footnotes":""},"categories":[1],"tags":[],"class_list":["post-265","post","type-post","status-publish","format-standard","hentry","category-hemeroteca"],"_links":{"self":[{"href":"https:\/\/aedecanarias.eu\/index.php?rest_route=\/wp\/v2\/posts\/265","targetHints":{"allow":["GET"]}}],"collection":[{"href":"https:\/\/aedecanarias.eu\/index.php?rest_route=\/wp\/v2\/posts"}],"about":[{"href":"https:\/\/aedecanarias.eu\/index.php?rest_route=\/wp\/v2\/types\/post"}],"author":[{"embeddable":true,"href":"https:\/\/aedecanarias.eu\/index.php?rest_route=\/wp\/v2\/users\/2"}],"replies":[{"embeddable":true,"href":"https:\/\/aedecanarias.eu\/index.php?rest_route=%2Fwp%2Fv2%2Fcomments&post=265"}],"version-history":[{"count":0,"href":"https:\/\/aedecanarias.eu\/index.php?rest_route=\/wp\/v2\/posts\/265\/revisions"}],"wp:attachment":[{"href":"https:\/\/aedecanarias.eu\/index.php?rest_route=%2Fwp%2Fv2%2Fmedia&parent=265"}],"wp:term":[{"taxonomy":"category","embeddable":true,"href":"https:\/\/aedecanarias.eu\/index.php?rest_route=%2Fwp%2Fv2%2Fcategories&post=265"},{"taxonomy":"post_tag","embeddable":true,"href":"https:\/\/aedecanarias.eu\/index.php?rest_route=%2Fwp%2Fv2%2Ftags&post=265"}],"curies":[{"name":"wp","href":"https:\/\/api.w.org\/{rel}","templated":true}]}}