{"id":264,"date":"2013-11-05T20:33:00","date_gmt":"2013-11-05T20:33:00","guid":{"rendered":"https:\/\/aedecanarias.eu\/las-becas-erasmus-ayudan-a-potenciar-la-ciudadania-europea"},"modified":"2013-11-05T20:33:00","modified_gmt":"2013-11-05T20:33:00","slug":"las-becas-erasmus-ayudan-a-potenciar-la-ciudadania-europea","status":"publish","type":"post","link":"https:\/\/aedecanarias.eu\/?p=264","title":{"rendered":"LAS BECAS ERASMUS  AYUDAN A POTENCIAR LA CIUDADAN\u00cdA EUROPEA"},"content":{"rendered":"\n<div class=\"twitter-share\"><a href=\"https:\/\/twitter.com\/intent\/tweet?via=aedecanarias\" class=\"twitter-share-button\" data-size=\"large\">Twittear<\/a><\/div>\n<p><span style=\"color: blue;\">Es nuestra opini\u00f3n. La hemos manifestado muchas veces en todas partes. Solo el tiempo, a trav\u00e9s del efecto multiplicador de los ciudadanos que hayan participado en intercambios europeos, en viajes, en experiencias escolares, profesionales, culturales por los diferentes pa\u00edses de nuestra Europa&#8230;..llegar\u00e1n a sentir la autenticidad de ser ciudadano europeo.<\/span><br \/><span style=\"color: blue;\"><br \/><\/span><span style=\"color: blue;\">Rectificar es de sabios. Pero hubiera sido mucho mejor <b>consolidar y potenciar<\/b> y nunca debilitar este programa.<\/span><br \/><span style=\"color: blue;\"><br \/><\/span><span style=\"color: blue;\">Y por supuesto peor a\u00fan&#8230; crear desconfianzas, dudas, alarmismo y defraudar a los miles de j\u00f3venes que miran a nuestro pa\u00eds, Europa, con esperanza.<\/span><br \/><span style=\"color: blue;\"><br \/><\/span><span style=\"color: blue;\">Es y debe ser un compromiso de todos por el bien de Europa.&nbsp;<\/span><br \/><span style=\"color: blue;\"><br \/><\/span><span style=\"color: blue;\">Un lema ha salido de los estudiantes, no de los profesores. Ellos son nuestro futuro.<\/span><br \/><span style=\"color: blue;\">No es una cuesti\u00f3n de este curso o de meses.<\/span><br \/><span style=\"color: blue;\">Tiene que ser el reto de la Uni\u00f3n Europea .<\/span><br \/><span style=\"color: blue;\"><br \/><\/span><span style=\"color: blue;\">SALVEMOS ERASMUS !!!<\/span><br \/><span style=\"color: blue;\"><br \/><\/span><span style=\"color: blue;\">&#8211; Opini\u00f3n de la &nbsp;directiva de Aede-Canarias<\/span><\/p>\n<p><\/p>\n","protected":false},"excerpt":{"rendered":"<p>Es nuestra opini\u00f3n. La hemos manifestado muchas veces en todas partes. Solo el tiempo, a&#8230;<\/p>\n","protected":false},"author":2,"featured_media":0,"comment_status":"open","ping_status":"open","sticky":false,"template":"","format":"standard","meta":{"ngg_post_thumbnail":0,"footnotes":""},"categories":[1],"tags":[],"class_list":["post-264","post","type-post","status-publish","format-standard","hentry","category-hemeroteca"],"_links":{"self":[{"href":"https:\/\/aedecanarias.eu\/index.php?rest_route=\/wp\/v2\/posts\/264","targetHints":{"allow":["GET"]}}],"collection":[{"href":"https:\/\/aedecanarias.eu\/index.php?rest_route=\/wp\/v2\/posts"}],"about":[{"href":"https:\/\/aedecanarias.eu\/index.php?rest_route=\/wp\/v2\/types\/post"}],"author":[{"embeddable":true,"href":"https:\/\/aedecanarias.eu\/index.php?rest_route=\/wp\/v2\/users\/2"}],"replies":[{"embeddable":true,"href":"https:\/\/aedecanarias.eu\/index.php?rest_route=%2Fwp%2Fv2%2Fcomments&post=264"}],"version-history":[{"count":0,"href":"https:\/\/aedecanarias.eu\/index.php?rest_route=\/wp\/v2\/posts\/264\/revisions"}],"wp:attachment":[{"href":"https:\/\/aedecanarias.eu\/index.php?rest_route=%2Fwp%2Fv2%2Fmedia&parent=264"}],"wp:term":[{"taxonomy":"category","embeddable":true,"href":"https:\/\/aedecanarias.eu\/index.php?rest_route=%2Fwp%2Fv2%2Fcategories&post=264"},{"taxonomy":"post_tag","embeddable":true,"href":"https:\/\/aedecanarias.eu\/index.php?rest_route=%2Fwp%2Fv2%2Ftags&post=264"}],"curies":[{"name":"wp","href":"https:\/\/api.w.org\/{rel}","templated":true}]}}