{"id":261,"date":"2013-11-11T22:47:00","date_gmt":"2013-11-11T22:47:00","guid":{"rendered":"https:\/\/aedecanarias.eu\/agora-2013-las-ideas-de-los-jovenes-contra-el-paro"},"modified":"2013-11-11T22:47:00","modified_gmt":"2013-11-11T22:47:00","slug":"agora-2013-las-ideas-de-los-jovenes-contra-el-paro","status":"publish","type":"post","link":"https:\/\/aedecanarias.eu\/?p=261","title":{"rendered":"\u00c1gora 2013: Las ideas de los j\u00f3venes contra el paro"},"content":{"rendered":"\n<div class=\"twitter-share\"><a href=\"https:\/\/twitter.com\/intent\/tweet?via=aedecanarias\" class=\"twitter-share-button\" data-size=\"large\">Twittear<\/a><\/div>\n<div style=\"clear: both; text-align: center;\"><a href=\"http:\/\/1.bp.blogspot.com\/-PxSLffQ_BFE\/UoFeNU1m31I\/AAAAAAAAAQo\/n5jSW4SnZEM\/s1600\/20131107PHT24025_original.jpg\" style=\"clear: left; float: left; margin-bottom: 1em; margin-right: 1em;\"><img loading=\"lazy\" decoding=\"async\" border=\"0\" height=\"200\" src=\"http:\/\/1.bp.blogspot.com\/-PxSLffQ_BFE\/UoFeNU1m31I\/AAAAAAAAAQo\/n5jSW4SnZEM\/s200\/20131107PHT24025_original.jpg\" width=\"177\" \/><\/a><\/div>\n<p><strong style=\"background-color: white; border: 0px; color: #363636; font-family: Arial, Helvetica, sans-serif; font-size: 12px; line-height: 19px; margin: 0px; outline: 0px; padding: 0px; vertical-align: baseline;\"><br \/><\/strong><strong style=\"background-color: white; border: 0px; color: #363636; font-family: Arial, Helvetica, sans-serif; font-size: 12px; line-height: 19px; margin: 0px; outline: 0px; padding: 0px; vertical-align: baseline;\"><br \/><\/strong><strong style=\"background-color: white; border: 0px; color: #363636; font-family: Arial, Helvetica, sans-serif; font-size: 12px; line-height: 19px; margin: 0px; outline: 0px; padding: 0px; vertical-align: baseline;\">Europa tiene mucho trabajo por delante para resolver una coyuntura en la que casi uno de cada cuatro j\u00f3venes est\u00e1 en paro. El Parlamento Europeo no s\u00f3lo recurre a los pol\u00edticos y expertos en b\u00fasqueda de soluciones, tambi\u00e9n escucha las ideas de los afectados. La Euroc\u00e1mara alberga, del 6 al 8 de noviembre, un debate de j\u00f3venes con empleo o sin \u00e9l venidos de toda la UE para aportar su granito de arena a la lucha contra el desempleo. Doce participantes nos explicaron sus ideas.<\/strong><br \/><strong style=\"background-color: white; border: 0px; color: #363636; font-family: Arial, Helvetica, sans-serif; font-size: 12px; line-height: 19px; margin: 0px; outline: 0px; padding: 0px; vertical-align: baseline;\"><br \/><\/strong><strong style=\"background-color: white; border: 0px; color: #363636; font-family: Arial, Helvetica, sans-serif; font-size: 12px; line-height: 19px; margin: 0px; outline: 0px; padding: 0px; vertical-align: baseline;\"><br \/><\/strong><strong style=\"background-color: white; border: 0px; color: #363636; font-family: Arial, Helvetica, sans-serif; font-size: 12px; line-height: 19px; margin: 0px; outline: 0px; padding: 0px; vertical-align: baseline;\"><br \/><\/strong><strong style=\"background-color: white; border: 0px; color: #363636; font-family: Arial, Helvetica, sans-serif; font-size: 12px; line-height: 19px; margin: 0px; outline: 0px; padding: 0px; vertical-align: baseline;\"><\/strong><\/p>\n<div style=\"border: 0px; font-weight: normal; padding: 0px; position: relative; vertical-align: baseline;\"><\/div>\n<p><a name='more'><\/a><strong style=\"background-color: white; border: 0px; color: #363636; font-family: Arial, Helvetica, sans-serif; font-size: 12px; line-height: 19px; margin: 0px; outline: 0px; padding: 0px; vertical-align: baseline;\"><\/p>\n<div style=\"border: 0px; font-weight: normal; padding: 0px; position: relative; vertical-align: baseline;\">Combatir el desempleo juvenil es para Martin Schulz, Presidente del Parlamento Europeo, \u00abuna cuesti\u00f3n de supervivencia de nuestro sistema democr\u00e1tico\u00bb. Schulz a\u00f1adi\u00f3: \u00abLo m\u00e1s importante para cada generaci\u00f3n de padres son las oportunidades para sus hijos\u00bb.<\/div>\n<p><br style=\"font-weight: normal;\" \/><\/p>\n<div style=\"border: 0px; font-weight: normal; padding: 0px; position: relative; vertical-align: baseline;\">\u00abEsta conferencia pretende entender cu\u00e1les son los principales obst\u00e1culos contra los que chocan los j\u00f3venes al buscar trabajo\u00bb, explic\u00f3 Isabelle Durant, Vicepresidenta de la Euroc\u00e1mara.<\/div>\n<p><br style=\"font-weight: normal;\" \/><\/p>\n<div style=\"border: 0px; font-weight: normal; padding: 0px; position: relative; vertical-align: baseline;\">Haga clic en la galer\u00eda de fotos que acompa\u00f1a a esta informaci\u00f3n y descubra las respuestas que doce participantes en el \u00c1gora Ciudadana sobre el Desempleo Juvenil dieron a nuestra pregunta: \u00ab\u00bfQu\u00e9 podr\u00eda hacer la Uni\u00f3n Europea para combatir el desempleo?\u00bb<\/div>\n<p><br style=\"font-weight: normal;\" \/><\/p>\n<div style=\"border: 0px; font-weight: normal; padding: 0px; position: relative; vertical-align: baseline;\"><strong style=\"border: 0px; font-family: inherit; font-style: inherit; margin: 0px; outline: 0px; padding: 0px; vertical-align: baseline;\">J\u00f3venes<\/strong><\/div>\n<p><br style=\"font-weight: normal;\" \/><\/p>\n<div style=\"border: 0px; font-weight: normal; padding: 0px; position: relative; vertical-align: baseline;\">El \u00c1gora Ciudadana sobre el Desempleo Juvenil es un evento de tres d\u00edas que se celebra entre el 6 y el 8 de noviembre en el Parlamento Europeo. En esta conferencia participan 56 j\u00f3venes de entre 18 y 30 a\u00f1os: dos de cada Estado de la UE, uno con trabajo y otro en el paro.<\/div>\n<p><br style=\"font-weight: normal;\" \/><\/p>\n<div style=\"border: 0px; font-weight: normal; padding: 0px; position: relative; vertical-align: baseline;\">Los participantes debaten e intercambian ideas y experiencias sobre el paro juvenil. Sus recomendaciones sobre c\u00f3mo combatirlo ser\u00e1n comunicadas a los responsables pol\u00edticos europeos, y se debatir\u00e1n en el Evento Europeo de la Juventud (EYE2014) que tendr\u00e1 lugar en mayo en la sede de la Euroc\u00e1mara en Estrasburgo. Si desea opinar o informarse a trav\u00e9s de Twitter sobre el desarrollo del \u00c1gora, busque con la etiqueta o hashtag #Agora2013.<\/div>\n<div><\/div>\n<p><\/strong><\/p>\n","protected":false},"excerpt":{"rendered":"<p>Europa tiene mucho trabajo por delante para resolver una coyuntura en la que casi uno&#8230;<\/p>\n","protected":false},"author":2,"featured_media":0,"comment_status":"open","ping_status":"open","sticky":false,"template":"","format":"standard","meta":{"ngg_post_thumbnail":0,"footnotes":""},"categories":[1],"tags":[],"class_list":["post-261","post","type-post","status-publish","format-standard","hentry","category-hemeroteca"],"_links":{"self":[{"href":"https:\/\/aedecanarias.eu\/index.php?rest_route=\/wp\/v2\/posts\/261","targetHints":{"allow":["GET"]}}],"collection":[{"href":"https:\/\/aedecanarias.eu\/index.php?rest_route=\/wp\/v2\/posts"}],"about":[{"href":"https:\/\/aedecanarias.eu\/index.php?rest_route=\/wp\/v2\/types\/post"}],"author":[{"embeddable":true,"href":"https:\/\/aedecanarias.eu\/index.php?rest_route=\/wp\/v2\/users\/2"}],"replies":[{"embeddable":true,"href":"https:\/\/aedecanarias.eu\/index.php?rest_route=%2Fwp%2Fv2%2Fcomments&post=261"}],"version-history":[{"count":0,"href":"https:\/\/aedecanarias.eu\/index.php?rest_route=\/wp\/v2\/posts\/261\/revisions"}],"wp:attachment":[{"href":"https:\/\/aedecanarias.eu\/index.php?rest_route=%2Fwp%2Fv2%2Fmedia&parent=261"}],"wp:term":[{"taxonomy":"category","embeddable":true,"href":"https:\/\/aedecanarias.eu\/index.php?rest_route=%2Fwp%2Fv2%2Fcategories&post=261"},{"taxonomy":"post_tag","embeddable":true,"href":"https:\/\/aedecanarias.eu\/index.php?rest_route=%2Fwp%2Fv2%2Ftags&post=261"}],"curies":[{"name":"wp","href":"https:\/\/api.w.org\/{rel}","templated":true}]}}