{"id":260,"date":"2013-11-11T22:54:00","date_gmt":"2013-11-11T22:54:00","guid":{"rendered":"https:\/\/aedecanarias.eu\/premio-sajarov-25-anos-en-defensa-de-los-derechos-humanos"},"modified":"2013-11-11T22:54:00","modified_gmt":"2013-11-11T22:54:00","slug":"premio-sajarov-25-anos-en-defensa-de-los-derechos-humanos","status":"publish","type":"post","link":"https:\/\/aedecanarias.eu\/?p=260","title":{"rendered":"Premio S\u00e1jarov &#8211; 25 a\u00f1os en defensa de los derechos humanos"},"content":{"rendered":"\n<div class=\"twitter-share\"><a href=\"https:\/\/twitter.com\/intent\/tweet?via=aedecanarias\" class=\"twitter-share-button\" data-size=\"large\">Twittear<\/a><\/div>\n<div style=\"clear: both; text-align: center;\"><\/div>\n<div style=\"clear: both; text-align: center;\"><a href=\"http:\/\/2.bp.blogspot.com\/-wWcvhraPrWI\/UoFfbVDqfLI\/AAAAAAAAARE\/amWqL2JKmfc\/s1600\/20130918PHT20224_portrait_175_225.jpg\" style=\"clear: right; float: right; margin-bottom: 1em; margin-left: 1em;\"><img loading=\"lazy\" decoding=\"async\" border=\"0\" height=\"200\" src=\"http:\/\/2.bp.blogspot.com\/-wWcvhraPrWI\/UoFfbVDqfLI\/AAAAAAAAARE\/amWqL2JKmfc\/s200\/20130918PHT20224_portrait_175_225.jpg\" width=\"155\" \/><\/a><\/div>\n<div style=\"text-align: justify;\">&nbsp;<span style=\"background-color: white; color: #363636; font-family: Arial, Helvetica, sans-serif; font-size: 12px; line-height: 19px;\">La joven paquistan\u00ed Malala Yousafzai, activista por el derecho de las ni\u00f1as a la educaci\u00f3n frente a la violencia de los Talibanes, es la ganadora del Premio S\u00e1jarov 2013 a la libertad de conciencia. La Euroc\u00e1mara concede este galard\u00f3n anual desde hace 25 a\u00f1os para homenajear a quienes luchan contra la intolerancia y la opresi\u00f3n. Y la legendaria opositora birmana Aung San Suu Kyi finalmente pudo recoger esta distinci\u00f3n el 22 de octubre de 2013, despu\u00e9s de haberle sido concedida hace 23 a\u00f1os.<\/span><\/div>\n<div style=\"text-align: justify;\"><\/div>\n<p><\/p>\n<div style=\"background-color: white; border: 0px; color: #363636; font-family: Arial, Helvetica, sans-serif; font-size: 12px; line-height: 19px; padding: 0px; position: relative; text-align: justify; vertical-align: baseline;\">El nombre de la ganadora de este a\u00f1o del Premio S\u00e1jarov fue anunciado por el Presidente del Parlamento Europeo, Martin Schulz, el 10 de octubre. La ceremonia de entrega de esta distinci\u00f3n tendr\u00e1 lugar en Estrasburgo el 20 de noviembre. Esa misma semana se celebrar\u00e1 el 25 aniversario de este galard\u00f3n.<\/div>\n<div style=\"text-align: justify;\"><span style=\"color: #363636; font-family: Arial, Helvetica, sans-serif; font-size: 12px; line-height: 19px;\"><br \/><\/span><\/div>\n<div style=\"background-color: white; border: 0px; color: #363636; font-family: Arial, Helvetica, sans-serif; font-size: 12px; line-height: 19px; padding: 0px; position: relative; text-align: justify; vertical-align: baseline;\">Por su parte, Aung San Suu Kyi acudi\u00f3 a Estrasburgo el 22 de octubre para recibir el Premio S\u00e1jarov que gan\u00f3 en 1990. La veterana pol\u00edtica sufri\u00f3 a\u00f1os de arresto domiciliario que la impidieron desplazarse a la sede de la Euroc\u00e1mara.<\/div>\n<div style=\"text-align: justify;\"><span style=\"color: #363636; font-family: Arial, Helvetica, sans-serif; font-size: 12px; line-height: 19px;\"><br \/><\/span><\/div>\n<div style=\"background-color: white; border: 0px; color: #363636; font-family: Arial, Helvetica, sans-serif; font-size: 12px; line-height: 19px; padding: 0px; position: relative; text-align: justify; vertical-align: baseline;\">El premio recibe el nombre del disidente ruso Andr\u00e9i S\u00e1jarov, que gan\u00f3 el Premio Nobel de la Paz en 1975 por su defensa de los derechos humanos y destacar el peligro de la carrera de armamentos nucleares. Todo grupo pol\u00edtico del Parlamento Europeo o un grupo de al menos cuarenta eurodiputados pueden nombrar un candidato.<\/div>\n","protected":false},"excerpt":{"rendered":"<p>&nbsp;La joven paquistan\u00ed Malala Yousafzai, activista por el derecho de las ni\u00f1as a la educaci\u00f3n&#8230;<\/p>\n","protected":false},"author":2,"featured_media":0,"comment_status":"open","ping_status":"open","sticky":false,"template":"","format":"standard","meta":{"ngg_post_thumbnail":0,"footnotes":""},"categories":[1],"tags":[],"class_list":["post-260","post","type-post","status-publish","format-standard","hentry","category-hemeroteca"],"_links":{"self":[{"href":"https:\/\/aedecanarias.eu\/index.php?rest_route=\/wp\/v2\/posts\/260","targetHints":{"allow":["GET"]}}],"collection":[{"href":"https:\/\/aedecanarias.eu\/index.php?rest_route=\/wp\/v2\/posts"}],"about":[{"href":"https:\/\/aedecanarias.eu\/index.php?rest_route=\/wp\/v2\/types\/post"}],"author":[{"embeddable":true,"href":"https:\/\/aedecanarias.eu\/index.php?rest_route=\/wp\/v2\/users\/2"}],"replies":[{"embeddable":true,"href":"https:\/\/aedecanarias.eu\/index.php?rest_route=%2Fwp%2Fv2%2Fcomments&post=260"}],"version-history":[{"count":0,"href":"https:\/\/aedecanarias.eu\/index.php?rest_route=\/wp\/v2\/posts\/260\/revisions"}],"wp:attachment":[{"href":"https:\/\/aedecanarias.eu\/index.php?rest_route=%2Fwp%2Fv2%2Fmedia&parent=260"}],"wp:term":[{"taxonomy":"category","embeddable":true,"href":"https:\/\/aedecanarias.eu\/index.php?rest_route=%2Fwp%2Fv2%2Fcategories&post=260"},{"taxonomy":"post_tag","embeddable":true,"href":"https:\/\/aedecanarias.eu\/index.php?rest_route=%2Fwp%2Fv2%2Ftags&post=260"}],"curies":[{"name":"wp","href":"https:\/\/api.w.org\/{rel}","templated":true}]}}