{"id":259,"date":"2013-11-11T22:56:00","date_gmt":"2013-11-11T22:56:00","guid":{"rendered":"https:\/\/aedecanarias.eu\/aung-san-suu-kyi-recibe-el-premio-sajarov-concedido-en-1990"},"modified":"2013-11-11T22:56:00","modified_gmt":"2013-11-11T22:56:00","slug":"aung-san-suu-kyi-recibe-el-premio-sajarov-concedido-en-1990","status":"publish","type":"post","link":"https:\/\/aedecanarias.eu\/?p=259","title":{"rendered":"Aung San Suu Kyi recibe el Premio S\u00e1jarov concedido en 1990"},"content":{"rendered":"\n<div class=\"twitter-share\"><a href=\"https:\/\/twitter.com\/intent\/tweet?via=aedecanarias\" class=\"twitter-share-button\" data-size=\"large\">Twittear<\/a><\/div>\n<div style=\"clear: both; text-align: center;\"><\/div>\n<p><\/p>\n<div style=\"clear: both; text-align: center;\"><a href=\"http:\/\/2.bp.blogspot.com\/-VdXfD4t3DOo\/UoFfRckXfTI\/AAAAAAAAAQ8\/vsfcTS3pVq0\/s1600\/20131022PHT22822_original.jpg\" style=\"margin-left: 1em; margin-right: 1em;\"><img loading=\"lazy\" decoding=\"async\" border=\"0\" height=\"213\" src=\"http:\/\/2.bp.blogspot.com\/-VdXfD4t3DOo\/UoFfRckXfTI\/AAAAAAAAAQ8\/vsfcTS3pVq0\/s320\/20131022PHT22822_original.jpg\" width=\"320\" \/><\/a><\/div>\n<div style=\"background-color: white; border: 0px; color: #363636; font-family: Arial, Helvetica, sans-serif; font-size: 12px; line-height: 19px; padding: 0px; position: relative; vertical-align: baseline;\"><strong style=\"border: 0px; font-family: inherit; font-style: inherit; margin: 0px; outline: 0px; padding: 0px; vertical-align: baseline;\">La legendaria luchadora por los derechos humanos en Birmania, la l\u00edder opositora Aung San Suu Kyi, recibi\u00f3 finalmente el Premio S\u00e1jarov 23 a\u00f1os despu\u00e9s de que le fuera concedido por el Parlamento Europeo. \u00abEs un gran momento, un momento que ha estado esperando toda una generaci\u00f3n de su pa\u00eds y tambi\u00e9n de Europa\u00bb, afirm\u00f3 este martes 22 de octubre de 2013 en el acto de entrega Martin Schulz, Presidente de la Euroc\u00e1mara.<\/strong><\/div>\n<p><a name='more'><\/a><br style=\"background-color: white; color: #363636; font-family: Arial, Helvetica, sans-serif; font-size: 12px; line-height: 19px;\" \/><\/p>\n<div style=\"background-color: white; border: 0px; color: #363636; font-family: Arial, Helvetica, sans-serif; font-size: 12px; line-height: 19px; padding: 0px; position: relative; vertical-align: baseline;\">\u00abLa libertad de conciencia empieza por el derecho a plantear preguntas\u00bb, subray\u00f3 la l\u00edder de la oposici\u00f3n birmana Aung San Suu Kyi en su intervenci\u00f3n ante el Parlamento Europeo este martes. \u00abY hace tanto tiempo que el pueblo de Birmania no ha tenido este derecho, que algunos de nuestros j\u00f3venes no saben preguntar\u00bb, lament\u00f3, al tiempo que daba las gracias a los eurodiputados por su apoyo durante todos estos a\u00f1os.<\/div>\n<p><br style=\"background-color: white; color: #363636; font-family: Arial, Helvetica, sans-serif; font-size: 12px; line-height: 19px;\" \/><\/p>\n<div style=\"background-color: white; border: 0px; color: #363636; font-family: Arial, Helvetica, sans-serif; font-size: 12px; line-height: 19px; padding: 0px; position: relative; vertical-align: baseline;\">\u00abQueremos garantizar que se preserve el derecho a pensar de manera libre y de acuerdo con nuestra conciencia\u00bb, asegur\u00f3 Aung San Suu Kyi antes de concluir: \u00abEste derecho a\u00fan no est\u00e1 garantizado del todo; a\u00fan tenemos que trabajar muy duro antes de que la ley fundamental del pa\u00eds, la Constituci\u00f3n, nos garantice el derecho a vivir seg\u00fan nuestra conciencia\u00bb.<\/div>\n<p><br style=\"background-color: white; color: #363636; font-family: Arial, Helvetica, sans-serif; font-size: 12px; line-height: 19px;\" \/><\/p>\n<div style=\"background-color: white; border: 0px; color: #363636; font-family: Arial, Helvetica, sans-serif; font-size: 12px; line-height: 19px; padding: 0px; position: relative; vertical-align: baseline;\"><strong style=\"border: 0px; font-family: inherit; font-style: inherit; margin: 0px; outline: 0px; padding: 0px; vertical-align: baseline;\">S\u00edmbolo de la libertad y la democracia<\/strong><\/div>\n<p><br style=\"background-color: white; color: #363636; font-family: Arial, Helvetica, sans-serif; font-size: 12px; line-height: 19px;\" \/><\/p>\n<div style=\"background-color: white; border: 0px; color: #363636; font-family: Arial, Helvetica, sans-serif; font-size: 12px; line-height: 19px; padding: 0px; position: relative; vertical-align: baseline;\">El Presidente del Parlamento Europeo, Martin Schulz, calific\u00f3 a la galardonada de \u00abun gran s\u00edmbolo de la libertad y la democracia\u00bb. Y a\u00f1adi\u00f3: \u00abPese a lo mucho que cuesta, las personas que se muestran firmes en la lucha por la democracia terminan por vencer\u00bb.<\/div>\n<p><br style=\"background-color: white; color: #363636; font-family: Arial, Helvetica, sans-serif; font-size: 12px; line-height: 19px;\" \/><\/p>\n<div style=\"background-color: white; border: 0px; color: #363636; font-family: Arial, Helvetica, sans-serif; font-size: 12px; line-height: 19px; padding: 0px; position: relative; vertical-align: baseline;\">Aung San Suu Kyi sufri\u00f3 durante 15 a\u00f1os un arresto domiciliario, y no fue liberada hasta noviembre de 2010.<\/div>\n<div><\/div>\n","protected":false},"excerpt":{"rendered":"<p>La legendaria luchadora por los derechos humanos en Birmania, la l\u00edder opositora Aung San Suu&#8230;<\/p>\n","protected":false},"author":2,"featured_media":0,"comment_status":"open","ping_status":"open","sticky":false,"template":"","format":"standard","meta":{"ngg_post_thumbnail":0,"footnotes":""},"categories":[1],"tags":[],"class_list":["post-259","post","type-post","status-publish","format-standard","hentry","category-hemeroteca"],"_links":{"self":[{"href":"https:\/\/aedecanarias.eu\/index.php?rest_route=\/wp\/v2\/posts\/259","targetHints":{"allow":["GET"]}}],"collection":[{"href":"https:\/\/aedecanarias.eu\/index.php?rest_route=\/wp\/v2\/posts"}],"about":[{"href":"https:\/\/aedecanarias.eu\/index.php?rest_route=\/wp\/v2\/types\/post"}],"author":[{"embeddable":true,"href":"https:\/\/aedecanarias.eu\/index.php?rest_route=\/wp\/v2\/users\/2"}],"replies":[{"embeddable":true,"href":"https:\/\/aedecanarias.eu\/index.php?rest_route=%2Fwp%2Fv2%2Fcomments&post=259"}],"version-history":[{"count":0,"href":"https:\/\/aedecanarias.eu\/index.php?rest_route=\/wp\/v2\/posts\/259\/revisions"}],"wp:attachment":[{"href":"https:\/\/aedecanarias.eu\/index.php?rest_route=%2Fwp%2Fv2%2Fmedia&parent=259"}],"wp:term":[{"taxonomy":"category","embeddable":true,"href":"https:\/\/aedecanarias.eu\/index.php?rest_route=%2Fwp%2Fv2%2Fcategories&post=259"},{"taxonomy":"post_tag","embeddable":true,"href":"https:\/\/aedecanarias.eu\/index.php?rest_route=%2Fwp%2Fv2%2Ftags&post=259"}],"curies":[{"name":"wp","href":"https:\/\/api.w.org\/{rel}","templated":true}]}}