{"id":258,"date":"2013-11-11T22:58:00","date_gmt":"2013-11-11T22:58:00","guid":{"rendered":"https:\/\/aedecanarias.eu\/malala-yousafzai-galardonada-con-el-premio-sajarov-2013"},"modified":"2013-11-11T22:58:00","modified_gmt":"2013-11-11T22:58:00","slug":"malala-yousafzai-galardonada-con-el-premio-sajarov-2013","status":"publish","type":"post","link":"https:\/\/aedecanarias.eu\/?p=258","title":{"rendered":"Malala Yousafzai, galardonada con el premio S\u00e1jarov 2013"},"content":{"rendered":"\n<div class=\"twitter-share\"><a href=\"https:\/\/twitter.com\/intent\/tweet?via=aedecanarias\" class=\"twitter-share-button\" data-size=\"large\">Twittear<\/a><\/div>\n<div style=\"clear: both; text-align: center;\"><a href=\"http:\/\/4.bp.blogspot.com\/-jThEB-hI44o\/UoFfSG9TZlI\/AAAAAAAAARA\/EOQhnp8rRXg\/s1600\/20131008PHT21713_original.jpg\" style=\"clear: right; float: right; margin-bottom: 1em; margin-left: 1em;\"><img loading=\"lazy\" decoding=\"async\" border=\"0\" height=\"200\" src=\"http:\/\/4.bp.blogspot.com\/-jThEB-hI44o\/UoFfSG9TZlI\/AAAAAAAAARA\/EOQhnp8rRXg\/s200\/20131008PHT21713_original.jpg\" width=\"153\" \/><\/a><\/div>\n<p><strong style=\"background-color: white; border: 0px; color: #363636; font-family: Arial, Helvetica, sans-serif; font-size: 12px; line-height: 19px; margin: 0px; outline: 0px; padding: 0px; vertical-align: baseline;\">La activista paquistan\u00ed Malala Yousafzai, defensora de la educaci\u00f3n de las ni\u00f1as, ha sido galardonada con el premio S\u00e1jarov 2013 a la libertad de conciencia. El presidente del PE, Martin Schulz, ha anunciado hoy la decisi\u00f3n de la Conferencia de Presidentes (\u00f3rgano que re\u00fane a los l\u00edderes de los grupos pol\u00edticos y al presidente de la Euroc\u00e1mara), antes del turno de votaciones en Estrasburgo. Malala recoger\u00e1 el premio en la ceremonia de entrega que se celebrar\u00e1 el 20 de noviembre en Estrasburgo.<\/strong><br \/><strong style=\"background-color: white; border: 0px; color: #363636; font-family: Arial, Helvetica, sans-serif; font-size: 12px; line-height: 19px; margin: 0px; outline: 0px; padding: 0px; vertical-align: baseline;\"><br \/><\/strong><strong style=\"background-color: white; border: 0px; color: #363636; font-family: Arial, Helvetica, sans-serif; font-size: 12px; line-height: 19px; margin: 0px; outline: 0px; padding: 0px; vertical-align: baseline;\"><br \/><\/strong><strong style=\"background-color: white; border: 0px; color: #363636; font-family: Arial, Helvetica, sans-serif; font-size: 12px; line-height: 19px; margin: 0px; outline: 0px; padding: 0px; vertical-align: baseline;\"><br \/><\/strong><strong style=\"background-color: white; border: 0px; color: #363636; font-family: Arial, Helvetica, sans-serif; font-size: 12px; line-height: 19px; margin: 0px; outline: 0px; padding: 0px; vertical-align: baseline;\"><br \/><\/strong><strong style=\"background-color: white; border: 0px; color: #363636; font-family: Arial, Helvetica, sans-serif; font-size: 12px; line-height: 19px; margin: 0px; outline: 0px; padding: 0px; vertical-align: baseline;\"><\/strong><br \/><a name='more'><\/a><strong style=\"background-color: white; border: 0px; color: #363636; font-family: Arial, Helvetica, sans-serif; font-size: 12px; line-height: 19px; margin: 0px; outline: 0px; padding: 0px; vertical-align: baseline;\"><br \/><\/strong><br \/><strong style=\"background-color: white; border: 0px; color: #363636; font-family: Arial, Helvetica, sans-serif; font-size: 12px; line-height: 19px; margin: 0px; outline: 0px; padding: 0px; vertical-align: baseline;\"><\/strong><\/p>\n<div style=\"border: 0px; font-weight: normal; padding: 0px; position: relative; vertical-align: baseline;\"><strong style=\"background-color: white; border: 0px; color: #363636; font-family: Arial, Helvetica, sans-serif; font-size: 12px; line-height: 19px; margin: 0px; outline: 0px; padding: 0px; vertical-align: baseline;\">\u00abAl otorgar el premio S\u00e1jarov a Malala Yousafzai, el Parlamento Europeo da fe de la fuerza incre\u00edble de esta joven. Malala defiende con valent\u00eda el derecho de todos los ni\u00f1os a recibir una educaci\u00f3n justa. Este derecho se niega a menudo a las ni\u00f1as\u00bb, ha declarado el presidente del Parlamento Europeo, Martin Schulz, al anunciar el nombre de la galardonada.<\/strong><\/div>\n<div style=\"border: 0px; font-weight: normal; padding: 0px; position: relative; vertical-align: baseline;\"><strong style=\"background-color: white; border: 0px; color: #363636; font-family: Arial, Helvetica, sans-serif; font-size: 12px; line-height: 19px; margin: 0px; outline: 0px; padding: 0px; vertical-align: baseline;\"><br \/>\u00abMa\u00f1ana, 11 de octubre, es el D\u00eda International de la Ni\u00f1a, y cerca de 250 millones de ni\u00f1as en todo el mundo no pueden ir al colegio. El ejemplo de Malala nos recuerda nuestro deber y responsabilidad con respecto al derecho a la educaci\u00f3n de los ni\u00f1os. Es la mejor inversi\u00f3n de futuro\u00bb, agreg\u00f3 Schulz.<\/strong><\/div>\n<p><strong style=\"background-color: white; border: 0px; color: #363636; font-family: Arial, Helvetica, sans-serif; font-size: 12px; line-height: 19px; margin: 0px; outline: 0px; padding: 0px; vertical-align: baseline;\"><br style=\"font-weight: normal;\" \/><\/p>\n<div style=\"border: 0px; font-weight: normal; padding: 0px; position: relative; vertical-align: baseline;\">Malala Yousafzai, de 16 a\u00f1os, es una estudiante de la ciudad de Mingora, en el distrito de Swat, Pakist\u00e1n, conocida por su activismo en defensa de los derechos de las mujeres en el valle de Swat, donde el r\u00e9gimen talib\u00e1n prohibi\u00f3 a las ni\u00f1as ir a la escuela.<\/div>\n<div style=\"border: 0px; font-weight: normal; padding: 0px; position: relative; vertical-align: baseline;\">Malala dio su primer discurso en septiembre de 2008 bajo el t\u00edtulo de \u00ab\u00bfC\u00f3mo se atreven los talibanes a arrebatarme mi derecho a la educaci\u00f3n?\u00bb. Cuando todas las escuelas para ni\u00f1as bajo el control de los talibanes fueron cerradas en enero de 2009, Malala abri\u00f3 un blog para la BBC Urdu bajo el pseud\u00f3nimo de Gul Makai, una hero\u00edna folclore.<\/div>\n<p><br style=\"font-weight: normal;\" \/><\/p>\n<div style=\"border: 0px; font-weight: normal; padding: 0px; position: relative; vertical-align: baseline;\">El blog dio a conocer a Malala y su lucha. No obstante, esta fama condujo a una serie de amenazas a su familia tan pronto como se revel\u00f3 su identidad. En octubre de 2012, la joven sufri\u00f3 un intento de asesinato perpetrado por los talibanes, al recibir varios disparos en la cabeza y en el cuello cuando regresaba a su casa en el autob\u00fas escolar.<\/div>\n<p><br style=\"font-weight: normal;\" \/><\/p>\n<div style=\"border: 0px; font-weight: normal; padding: 0px; position: relative; vertical-align: baseline;\">\u00abMalala ha recibido el reconocimiento mundial como defensora de los derechos humanos\u00bb, subrayaron los eurodiputados que la nominaron, quienes defienden \u00abel derecho a la educaci\u00f3n de las ni\u00f1as, la libertad y la autodeterminaci\u00f3n\u00bb.<\/div>\n<div style=\"border: 0px; font-weight: normal; padding: 0px; position: relative; vertical-align: baseline;\">Malala Yousafzai fue nominada conjuntamente por los grupos PPE, S&amp;D, ALDE y ECR, as\u00ed como por la eurodiputada brit\u00e1nica de los Verdes\/ALE Jean Lambert.<\/div>\n<p><br style=\"font-weight: normal;\" \/><\/p>\n<div style=\"border: 0px; font-weight: normal; padding: 0px; position: relative; vertical-align: baseline;\"><strong style=\"border: 0px; font-family: inherit; font-style: inherit; margin: 0px; outline: 0px; padding: 0px; vertical-align: baseline;\">Contexto<\/strong><\/div>\n<p><br style=\"font-weight: normal;\" \/><\/p>\n<div style=\"border: 0px; font-weight: normal; padding: 0px; position: relative; vertical-align: baseline;\">El Premio S\u00e1jarov a la Libertad de Conciencia, llamado as\u00ed por el cient\u00edfico y disidente sovi\u00e9tico Andr\u00e9i S\u00e1jarov, fue creado en diciembre de 1988 por el Parlamento Europeo para homenajear a personas u organizaciones que han dedicado sus vidas a la defensa de las libertades y los derechos humanos, concretamente el derecho a la libertad de expresi\u00f3n.<\/div>\n<p><\/strong><\/p>\n","protected":false},"excerpt":{"rendered":"<p>La activista paquistan\u00ed Malala Yousafzai, defensora de la educaci\u00f3n de las ni\u00f1as, ha sido galardonada&#8230;<\/p>\n","protected":false},"author":2,"featured_media":0,"comment_status":"open","ping_status":"open","sticky":false,"template":"","format":"standard","meta":{"ngg_post_thumbnail":0,"footnotes":""},"categories":[1],"tags":[],"class_list":["post-258","post","type-post","status-publish","format-standard","hentry","category-hemeroteca"],"_links":{"self":[{"href":"https:\/\/aedecanarias.eu\/index.php?rest_route=\/wp\/v2\/posts\/258","targetHints":{"allow":["GET"]}}],"collection":[{"href":"https:\/\/aedecanarias.eu\/index.php?rest_route=\/wp\/v2\/posts"}],"about":[{"href":"https:\/\/aedecanarias.eu\/index.php?rest_route=\/wp\/v2\/types\/post"}],"author":[{"embeddable":true,"href":"https:\/\/aedecanarias.eu\/index.php?rest_route=\/wp\/v2\/users\/2"}],"replies":[{"embeddable":true,"href":"https:\/\/aedecanarias.eu\/index.php?rest_route=%2Fwp%2Fv2%2Fcomments&post=258"}],"version-history":[{"count":0,"href":"https:\/\/aedecanarias.eu\/index.php?rest_route=\/wp\/v2\/posts\/258\/revisions"}],"wp:attachment":[{"href":"https:\/\/aedecanarias.eu\/index.php?rest_route=%2Fwp%2Fv2%2Fmedia&parent=258"}],"wp:term":[{"taxonomy":"category","embeddable":true,"href":"https:\/\/aedecanarias.eu\/index.php?rest_route=%2Fwp%2Fv2%2Fcategories&post=258"},{"taxonomy":"post_tag","embeddable":true,"href":"https:\/\/aedecanarias.eu\/index.php?rest_route=%2Fwp%2Fv2%2Ftags&post=258"}],"curies":[{"name":"wp","href":"https:\/\/api.w.org\/{rel}","templated":true}]}}