{"id":2465,"date":"2021-05-17T19:17:09","date_gmt":"2021-05-17T18:17:09","guid":{"rendered":"https:\/\/aedecanarias.eu\/?p=2465"},"modified":"2021-05-17T19:37:22","modified_gmt":"2021-05-17T18:37:22","slug":"movilizacion-de-los-medicos-mir-para-denunciar-la-adjudicacion-de-plazas-de-2021-en-un-solo-dia-y-en-diferido","status":"publish","type":"post","link":"https:\/\/aedecanarias.eu\/?p=2465","title":{"rendered":"Movilizaci\u00f3n de los m\u00e9dicos MIR para denunciar la adjudicaci\u00f3n de plazas de 2021 en un solo d\u00eda y \u00aben diferido\u00bb"},"content":{"rendered":"\n<div class=\"twitter-share\"><a href=\"https:\/\/twitter.com\/intent\/tweet?via=aedecanarias\" class=\"twitter-share-button\" data-size=\"large\">Twittear<\/a><\/div>\n\n<p><strong>NOTA DE PRENSA&nbsp;<\/strong><\/p>\n\n\n\n<p><strong>FSE Unida convoca una manifestaci\u00f3n presencial delante del Ministerio de Sanidad el&nbsp;pr\u00f3ximo martes, 25 de mayo, ante la imposici\u00f3n del Ministerio de adjudicar 10.000&nbsp;plazas de Formaci\u00f3n Sanitaria Especializada de forma irregular&nbsp;<\/strong><\/p>\n\n\n\n<p>Cientos de plazas de Medicina de Familia y otras especialidades pueden quedar vacantes\u00a0colapsando el Sistema Sanitario Nacional.<\/p>\n\n\n\n<p>\u00a0Madrid, 13 de mayo de 2021<\/p>\n\n\n\n<p>\u00a0Con motivo de la publicaci\u00f3n de la resoluci\u00f3n del Director General de Ordenaci\u00f3n Profesional del\u00a0Ministerio de Sanidad, por la que se convocan los actos de adjudicaci\u00f3n de plaza correspondientes a\u00a0las pruebas selectivas 2020 para el acceso en el a\u00f1o 2021, a plazas de Formaci\u00f3n Sanitaria\u00a0Especializada (FSE) para las titulaciones universitarias de grado\/licenciatura\/diplomatura de\u00a0medicina, farmacia, enfermer\u00eda y \u00e1mbito de la psicolog\u00eda, la qu\u00edmica, la biolog\u00eda y la f\u00edsica, la\u00a0\u00a0plataforma FSE Unida,\u00a0que engloba\u00a0a m\u00e1s de 15.000 aspirantes a una\u00a0de las plazas\u00a0de formaci\u00f3n en el\u00a0Sistema Nacional de Salud, hace un llamamiento a los opositores a una manifestaci\u00f3n presencial, en\u00a0frente del Ministerio de Sanidad, el pr\u00f3ximo martes, 25 de mayo.\u00a0<\/p>\n\n\n\n<p>Desde el primer momento el Ministerio de Sanidad, con Salvador Illa al frente, dilat\u00f3 los plazos para\u00a0la convocatoria de la prueba MIR\/EIR\/BIR\/QIR\/RFIR\/PIR\/FIR, siendo anunciado a finales de\u00a0noviembre la fecha del examen para el 27 de marzo, 3 meses m\u00e1s tarde de lo habitual, debido a las\u00a0complicaciones de la pandemia. Esta situaci\u00f3n, si bien dej\u00f3 en la incertidumbre a muchos aspirantes,\u00a0ya que la falta de informaci\u00f3n durante todo el proceso ha sido una constante, fue entendida como un\u00a0sacrificio que se acept\u00f3 con rigor por la situaci\u00f3n epidemiol\u00f3gica de aquel momento.\u00a0En esos d\u00edas de \u201cno campa\u00f1a\u201d del entonces ministro Illa, su equipo contest\u00f3 a cientos de aspirantes\u00a0FSE por RRSS que la elecci\u00f3n de plazas ser\u00eda presencial si la situaci\u00f3n epidemiol\u00f3gica mejoraba y lo\u00a0\u00a0permit\u00eda.\u00a0Sin\u00a0embargo,\u00a0Illa\u00a0se\u00a0fue\u00a0a\u00a0Catalu\u00f1a\u00a0y\u00a0Carolina\u00a0Darias\u00a0se\u00a0convirti\u00f3\u00a0en\u00a0la\u00a0nueva\u00a0Ministra\u00a0de\u00a0Sanidad.\u00a0<\/p>\n\n\n\n<p>Pasaron los meses y el Ministerio, con Darias al frente y la Direcci\u00f3n General de Ordenaci\u00f3n\u00a0Profesional (DGOP), con el dr. Vicen\u00e7 Martinez al tim\u00f3n, practicaron un ejercicio de mutismo total\u00a0en torno al proceso de FSE. Durante mucho tiempo aseguraban que estaban estudiando y creando un\u00a0nuevo protocolo para el acceso al examen del d\u00eda 27 de marzo de los casi 30.000 aspirantes inscritos,\u00a0\u00a0protocolo que result\u00f3 en\u00a0la prohibici\u00f3n expresa, bajo\u00a0pena de multa\u00a0de 600.000\u00a0\u00a0!, de acudir al examen\u00a0si se era contacto estrecho de CoViD-19, sin dar ninguna otra opci\u00f3n ni posibilidad, vulnerando el\u00a0derecho fundamental recogido en la ley de la relaci\u00f3n con la Administraci\u00f3n, en la que figura que en\u00a0caso de imposibilidad, la Administraci\u00f3n tiene el deber de proporcionar los medios y recursos\u00a0necesarios para que el aspirante\/opositor pueda realizar la prueba.\u00a0A pesar de este maltrato sistem\u00e1tico a los que ser\u00e1n en semanas la vanguardia del Sistema Nacional de\u00a0Salud (SNS), los miles de aspirantes FSE decidimos que era m\u00e1s importante continuar con el proceso\u00a0\u00a0por el\u00a0bien de\u00a0toda la\u00a0ciudadan\u00eda.\u00a0Sin embargo, a\u00a0pesar del decaimiento del\u00a0Estado\u00a0de Alarma (EdA),\u00a0de la apertura de fronteras, los conciertos multitudinarios y la afici\u00f3n de nuevo en los campos de\u00a0f\u00fatbol, el Ministerio quer\u00eda seguir imponiendo una v\u00eda telem\u00e1tica en diferido, por lo que los aspirantes\u00a0nos reagrupamos y formamos la plataforma FSE Unida, con el fin de luchar por lo que\u00a0consider\u00e1bamos la imposici\u00f3n de un sistema defectuoso, con cientos de errores probados y con la\u00a0opini\u00f3n en contra de Colegios de M\u00e9dicos y Enfermer\u00eda, Sindicatos y Asociaciones m\u00e9dicas y\u00a0cient\u00edficas.\u00a0Ese mismo sistema telem\u00e1tico quiso ser impuesto el a\u00f1o anterior y una sentencia en contra del TSJ\u00a0oblig\u00f3 a rectificar y volver al sistema mixto de elecci\u00f3n, presencial y telem\u00e1tico. Debido a esto, el\u00a0Ministerio en un revanchismo m\u00e1s com\u00fan de pol\u00edticos que de un organismo que debe velar por los\u00a0intereses de sus profesionales, modific\u00f3 en el BOE las bases de la convocatoria para dificultar esta vez\u00a0la v\u00eda legal, por lo que nos vimos obligados a hacer que el Defensor del Pueblo investigar\u00e1 el proceso.\u00a0<\/p>\n\n\n\n<p>Desde FSE Unida nos reunimos con todos los activos de la profesi\u00f3n m\u00e9dica y del \u00e1mbito sanitario,\u00a0recabando su apoyo sin fisuras, siendo tal, que hasta la propia DGOP nos convoc\u00f3 a una reuni\u00f3n a la\u00a0que asisti\u00f3 d\u00f1a. Pilar Carbajo, Subdirectora de Ordenaci\u00f3n Profesional, para dar respuesta a las\u00a0reivindicaciones que expusimos en una carta al Ministerio y de la que se hizo eco los medios de\u00a0comunicaci\u00f3n. En dicha reuni\u00f3n, nos asegur\u00f3, como despu\u00e9s har\u00eda el propio Vicen\u00e7 Martinez en la\u00a0mesa redonda del Consejo General del Colegio Oficial de M\u00e9dicos (CGCOM), que el sistema ser\u00eda\u00a0telem\u00e1tico en llamamiento por turnos, como estaba planteado el a\u00f1o pasado.\u00a0Sin embargo, hoy mismo en la propia resoluci\u00f3n el Ministerio ha decidido dilapidar todo el sistema de\u00a0elecci\u00f3n FSE, obligando a los aspirantes a hacer listas de opciones de m\u00e1s de 8000 puntos y con una\u00a0adjudicaci\u00f3n telem\u00e1tica en 1 d\u00eda, sin posibilidad de cambios y con la incertidumbre de no saber que\u00a0\u00a0plazas\u00a0quedan\u00a0vacantes\u00a0ni\u00a0cual\u00a0se\u00a0es\u00a0asignada,\u00a0quedando\u00a0un\u00a0proceso\u00a0totalmente\u00a0manipulable\u00a0y\u00a0no\u00a0garantista ni transparente.\u00a0Este sistema acaba con la elecci\u00f3n por turno de llamamiento y vulnera muchos aspectos entre los que\u00a0nos gustar\u00eda destacar:\u00a0\u00bb\u00a0En primer lugar, y trat\u00e1ndose de la especialidad m\u00e9dica m\u00e1s relevante por su n\u00famero de\u00a0\u00a0plazas,\u00a0queremos\u00a0destacar\u00a0la\u00a0peculiaridad\u00a0de\u00a0Medicina\u00a0Familiar\u00a0y\u00a0Comunitaria.\u00a0Esta\u00a0especialidad, en concreto, no se elige teniendo en cuenta hospital o centro de salud, sino\u00a0las denominadas Unidades Docentes (UD), es decir, una red de centros sanitarios.\u00a0Consecuentemente, los aspirantes deben prever los compa\u00f1eros que han escogido esa\u00a0misma UD para poder considerar si el hospital o Centro de Atenci\u00f3n Primaria que ellos\u00a0desean tiene a\u00fan plazas vacantes. Esta capacidad de elecci\u00f3n, se vuelve imposible de\u00a0realizar si la elecci\u00f3n se efect\u00faa con un sistema adjudicatario de lista cerrada \u00fanica.\u00a0\u00bb\u00a0Uno de\u00a0los\u00a0aspectos que\u00a0m\u00e1s nos\u00a0preocupan es\u00a0la\u00a0falta de\u00a0transparencia que\u00a0puede derivar\u00a0de llevar a cabo un proceso en diferido e invariable. Tradicionalmente la elecci\u00f3n era de\u00a0car\u00e1cter p\u00fablico y el aspirante ten\u00eda la capacidad de ver en directo que plazas son\u00a0escogidas con anterioridad a su turno, pudiendo recalibrar su propia lista y las prioridades\u00a0de la misma seg\u00fan la marcha, derecho que consideramos indispensable a d\u00eda de hoy.\u00a0\u00bb\u00a0As\u00ed mismo,\u00a0si existe\u00a0un punto\u00a0que debe\u00a0llamar la\u00a0atenci\u00f3n, no\u00a0solo a\u00a0los aspirantes,\u00a0sino a\u00a0la Administraci\u00f3n y a la ciudadan\u00eda en general, es la posibilidad de un aumento de las\u00a0\u00a0plazas\u00a0vacantes.\u00a0Con\u00a0el\u00a0sistema\u00a0actual\u00a0de\u00a0lista\u00a0diferida,\u00a0la\u00a0posibilidad\u00a0de\u00a0que\u00a0sea\u00a0adjudicada una plaza de formaci\u00f3n a\u00f1adida en la lista \u201cde relleno\u201d es alta. <\/p>\n\n\n\n<figure class=\"wp-block-image size-large is-style-rounded\"><img loading=\"lazy\" decoding=\"async\" width=\"629\" height=\"359\" src=\"http:\/\/aedecanarias.live-website.com\/wp-content\/uploads\/2021\/05\/a2c2f8ae12c8061968d660e6049b7ba74aa871f3_07a77465-1.jpg\" alt=\"\" class=\"wp-image-2468\" srcset=\"https:\/\/aedecanarias.eu\/wp-content\/uploads\/2021\/05\/a2c2f8ae12c8061968d660e6049b7ba74aa871f3_07a77465-1.jpg 629w, https:\/\/aedecanarias.eu\/wp-content\/uploads\/2021\/05\/a2c2f8ae12c8061968d660e6049b7ba74aa871f3_07a77465-1-300x171.jpg 300w\" sizes=\"auto, (max-width: 629px) 100vw, 629px\" \/><\/figure>\n\n\n\n<p>En\u00a0circunstancias normales, el aspirante, al tener que elegir en el momento y en directo, con\u00a0su propia lista interna y sus inquietudes, pod\u00eda decidir cambiar de especialidad o dejar\u00a0\u00a0pasar\u00a0su\u00a0turno,\u00a0optando\u00a0a una\u00a0nueva\u00a0convocatoria\u00a0al a\u00f1o\u00a0siguiente.\u00a0Sin embargo,\u00a0ante las\u00a0nuevas circunstancias, la probabilidad de que los aspirantes rellenen la lista con plazas\u00a0que en ning\u00fan momento han llegado a considerar, \u00fanicamente por el miedo a quedarse sin\u00a0\u00a0plaza\u00a0o\u00a0por\u00a0el\u00a0mero\u00a0hecho\u00a0de\u00a0completar\u00a0un\u00a0listado,\u00a0puede\u00a0derivar\u00a0en\u00a0que\u00a0varias\u00a0de\u00a0esas\u00a0\u00a0plazas\u00a0finalmente\u00a0queden\u00a0vacantes\u00a0al no\u00a0presentarse\u00a0el aspirante\u00a0al puesto, en\u00a0detrimento\u00a0de otros opositores que desear\u00edan poder escoger esa misma plaza.\u00a0\u00bb\u00a0Otro punto\u00a0que puede\u00a0generar desigualdad\u00a0entre los\u00a0propios aspirantes\u00a0es\u00a0el\u00a0hecho de\u00a0tener que hacer una lista de prioridades con tantas opciones como el n\u00famero que el\u00a0aspirante haya obtenido. Es decir, un aspirante que tenga el puesto 1000, deber\u00e1 hacer una\u00a0lista con 1001 opciones, y quien tenga un puesto 7000, una con 7001 opciones, algo que\u00a0vemos imposible de realizar.\u00a0\u00bb\u00a0As\u00ed mismo,\u00a0uno de\u00a0los\u00a0aspectos que\u00a0pueden derivar\u00a0en\u00a0problemas de\u00a0desigualdad y\u00a0brecha\u00a0digital es la exigencia por parte de la Administraci\u00f3n de tener firma electr\u00f3nica y\/o clave\u00a0\u00a0permanente para relacionarnos con la misma\u00a0y acceder al sistema\u00a0de asignaci\u00f3n de\u00a0plazas,\u00a0ya que se nos obliga a la totalidad de los aspirantes a poseer y hacer uso de la misma.\u00a0\u00bb\u00a0En otros\u00a0aspectos a\u00a0tener en\u00a0cuenta,\u00a0queremos poner\u00a0en\u00a0valor la\u00a0capacidad y\u00a0posibilidad\u00a0hasta el momento de los aspirantes a \u201ccorrer lista\u201d, es decir, a poder elegir plaza con un\u00a0n\u00famero de orden mayor al que le corresponde por derecho de puntuaci\u00f3n final. Aunque\u00a0no se trate del eje principal de esta reivindicaci\u00f3n, si que es cierto que es una posibilidad\u00a0y derecho que hasta el momento gozaban todos los opositores y que al realizar un sistema\u00a0telem\u00e1tico no en directo, se pierde.\u00a0Por todo esto, y ante el abuso de autoridad y la vulneraci\u00f3n de todos los derechos de los casi\u00a030.000 aspirantes a FSE, hemos decidido convocar una manifestaci\u00f3n presencial, para\u00a0reivindicar nuestras leg\u00edtimas aspiraciones. Para ello, contamos con el apoyo sin fisura de la\u00a0mayor parte de sindicatos, colegios y asociaciones de profesionales de la Salud del Estado.\u00a0<\/p>\n\n\n\n<p>Alejandro Cu\u00e9llar de la Rosa.  -Portavoz FSE Unida-<\/p>\n","protected":false},"excerpt":{"rendered":"<p>NOTA DE PRENSA&nbsp; FSE Unida convoca una manifestaci\u00f3n presencial delante del Ministerio de Sanidad el&nbsp;pr\u00f3ximo&#8230;<\/p>\n","protected":false},"author":3,"featured_media":2466,"comment_status":"closed","ping_status":"closed","sticky":false,"template":"","format":"standard","meta":{"ngg_post_thumbnail":0,"footnotes":""},"categories":[8],"tags":[],"class_list":["post-2465","post","type-post","status-publish","format-standard","has-post-thumbnail","hentry","category-espana"],"_links":{"self":[{"href":"https:\/\/aedecanarias.eu\/index.php?rest_route=\/wp\/v2\/posts\/2465","targetHints":{"allow":["GET"]}}],"collection":[{"href":"https:\/\/aedecanarias.eu\/index.php?rest_route=\/wp\/v2\/posts"}],"about":[{"href":"https:\/\/aedecanarias.eu\/index.php?rest_route=\/wp\/v2\/types\/post"}],"author":[{"embeddable":true,"href":"https:\/\/aedecanarias.eu\/index.php?rest_route=\/wp\/v2\/users\/3"}],"replies":[{"embeddable":true,"href":"https:\/\/aedecanarias.eu\/index.php?rest_route=%2Fwp%2Fv2%2Fcomments&post=2465"}],"version-history":[{"count":3,"href":"https:\/\/aedecanarias.eu\/index.php?rest_route=\/wp\/v2\/posts\/2465\/revisions"}],"predecessor-version":[{"id":2472,"href":"https:\/\/aedecanarias.eu\/index.php?rest_route=\/wp\/v2\/posts\/2465\/revisions\/2472"}],"wp:featuredmedia":[{"embeddable":true,"href":"https:\/\/aedecanarias.eu\/index.php?rest_route=\/wp\/v2\/media\/2466"}],"wp:attachment":[{"href":"https:\/\/aedecanarias.eu\/index.php?rest_route=%2Fwp%2Fv2%2Fmedia&parent=2465"}],"wp:term":[{"taxonomy":"category","embeddable":true,"href":"https:\/\/aedecanarias.eu\/index.php?rest_route=%2Fwp%2Fv2%2Fcategories&post=2465"},{"taxonomy":"post_tag","embeddable":true,"href":"https:\/\/aedecanarias.eu\/index.php?rest_route=%2Fwp%2Fv2%2Ftags&post=2465"}],"curies":[{"name":"wp","href":"https:\/\/api.w.org\/{rel}","templated":true}]}}