{"id":24,"date":"2019-03-14T23:06:00","date_gmt":"2019-03-14T23:06:00","guid":{"rendered":""},"modified":"2021-01-26T11:36:11","modified_gmt":"2021-01-26T11:36:11","slug":"huelga-del-clima","status":"publish","type":"post","link":"https:\/\/aedecanarias.eu\/?p=24","title":{"rendered":"Helda del clima"},"content":{"rendered":"\n<div class=\"twitter-share\"><a href=\"https:\/\/twitter.com\/intent\/tweet?via=aedecanarias\" class=\"twitter-share-button\" data-size=\"large\">Twittear<\/a><\/div>\n<div style=\"border: 0px; box-sizing: border-box; caret-color: rgb(68, 68, 68); color: #444444; font-family: &quot;Benton Sans&quot;, sans-serif; font-size: 17.007999420166016px; font-stretch: inherit; line-height: inherit; margin: 0px; padding: 0px; vertical-align: baseline;\">\n<header style=\"border: 0px; box-sizing: border-box; clear: both; float: none; font-family: inherit; font-size: inherit; font-stretch: inherit; font-style: inherit; font-variant-caps: inherit; line-height: inherit; margin: 0px auto; max-width: none; padding: 1.25rem 0px 0px; vertical-align: baseline; width: auto;\">\n<div style=\"border: 0px; box-sizing: border-box; font-family: inherit; font-size: inherit; font-stretch: inherit; font-style: inherit; font-variant-caps: inherit; line-height: inherit; margin: 0px; padding: 0px; vertical-align: baseline;\">\n<div style=\"border: 0px; box-sizing: border-box; font-family: inherit; font-size: 0.823em; font-stretch: inherit; font-style: inherit; font-variant-caps: inherit; line-height: 1.5; margin: 0px 0px 0.25rem; padding: 0px; text-transform: uppercase; vertical-align: baseline;\"><\/div>\n<div style=\"border: 0px; box-sizing: border-box; font-family: inherit; font-size: inherit; font-stretch: inherit; font-style: inherit; font-variant-caps: inherit; line-height: inherit; margin: 0px; padding: 0px 0px 0.625rem; vertical-align: baseline;\">\n<h1 itemprop=\"headline\" style=\"border: 0px; box-sizing: border-box; color: black; font-family: Majerit, serif; font-size: 1.764em; font-stretch: inherit; font-style: inherit; font-variant-caps: inherit; letter-spacing: -1px; line-height: 33.002323150634766px; margin: 0px 0px 0.875rem; padding: 0px; vertical-align: baseline;\">Huelga contra el cambio clim\u00e1tico: recorrido de las manifestaciones del 15 de marzo<\/h1>\n<div style=\"border: 0px; box-sizing: border-box; font-family: inherit; font-size: inherit; font-stretch: inherit; font-style: inherit; font-variant-caps: inherit; line-height: inherit; margin: 0px; padding: 0px; vertical-align: baseline;\">\n<h2 itemprop=\"alternativeHeadline\" style=\"border: 0px; box-sizing: border-box; font-family: Majerit, serif; font-size: 1.176em; font-stretch: inherit; font-style: inherit; font-variant-caps: inherit; font-weight: inherit; line-height: 27.00189971923828px; margin: 0px 0px 0.25rem; padding: 0px; vertical-align: baseline;\">Convocados por Greta Thunberg, j\u00f3venes de todo el mundo se unen este viernes en una huelga global que clama por el futuro del planeta. Estas son sus reivindicaciones<\/h2>\n<\/div>\n<\/div>\n<\/div>\n<aside style=\"border-bottom-color: rgb(249, 249, 249); border-bottom-style: solid; border-width: 0px 0px 0.25rem; box-sizing: border-box; font-family: inherit; font-size: inherit; font-stretch: inherit; font-style: inherit; font-variant-caps: inherit; line-height: inherit; margin: 0px 0px 1.25rem; padding: 0px; vertical-align: baseline;\">\n<div style=\"border-bottom-color: rgba(100, 100, 100, 0.0980392); border-bottom-style: solid; border-top-color: rgba(100, 100, 100, 0.0980392); border-top-style: solid; border-width: 0.063rem 0px; box-sizing: border-box; font-family: inherit; font-size: inherit; font-stretch: inherit; font-style: inherit; font-variant-caps: inherit; line-height: inherit; margin: 0px; padding: 0.625rem 0px; vertical-align: baseline;\">\n<div style=\"border: 0px; box-sizing: border-box; float: left; font-family: inherit; font-size: inherit; font-stretch: inherit; font-style: inherit; font-variant-caps: inherit; line-height: inherit; margin: 0px; padding: 0px; vertical-align: baseline;\"><button style=\"-webkit-font-smoothing: antialiased; background-position: 0px 0px; border-bottom-left-radius: 100%; border-bottom-right-radius: 100%; border-top-left-radius: 100%; border-top-right-radius: 100%; border: none; color: inherit; cursor: pointer; float: left; font-family: inherit; font-size: 2.125rem; font-stretch: inherit; font-variant-east-asian: normal; font-variant-ligatures: normal; font-variant-position: normal; height: 2.5rem; line-height: 2.125rem; margin: 0px 0.313rem 0px 0px; overflow: visible; padding: 0px; position: relative; text-indent: -9999px; width: 2.5rem;\"><\/button><button style=\"-webkit-font-smoothing: antialiased; background-position: 0px 0px; border-bottom-left-radius: 100%; border-bottom-right-radius: 100%; border-top-left-radius: 100%; border-top-right-radius: 100%; border: none; color: inherit; cursor: pointer; float: left; font-family: inherit; font-size: 2.125rem; font-stretch: inherit; font-variant-east-asian: normal; font-variant-ligatures: normal; font-variant-position: normal; height: 2.5rem; line-height: 2.125rem; margin: 0px 0.313rem 0px 0px; overflow: visible; padding: 0px; position: relative; text-indent: -9999px; width: 2.5rem;\"><\/button><\/p>\n<div style=\"border: 0px; box-sizing: border-box; float: left; font-family: inherit; font-size: inherit; font-stretch: inherit; font-style: inherit; font-variant-caps: inherit; line-height: inherit; margin: 0px 0.313rem 0px 0px; min-height: 1.875rem; min-width: 1.875rem; padding: 0px; position: relative; vertical-align: baseline;\"><button style=\"-webkit-font-smoothing: antialiased; background-position: 0px 0px; border-bottom-left-radius: 100%; border-bottom-right-radius: 100%; border-top-left-radius: 100%; border-top-right-radius: 100%; border: none; color: inherit; cursor: pointer; float: left; font-family: inherit; font-size: 2.125rem; font-stretch: inherit; font-variant-east-asian: normal; font-variant-ligatures: normal; font-variant-position: normal; height: 2.5rem; line-height: 2.125rem; margin: 0px; overflow: visible; padding: 0px; position: relative; text-indent: -9999px; width: 2.5rem;\">Otros<\/button><\/div>\n<p><a href=\"https:\/\/elpais.com\/sociedad\/2019\/03\/14\/actualidad\/1552560234_560621.html#comentarios\" style=\"-webkit-font-smoothing: antialiased; background-color: #d0d0d0; border-bottom-left-radius: 100%; border-bottom-right-radius: 100%; border-top-left-radius: 100%; border-top-right-radius: 100%; border: 0px; box-sizing: border-box; color: #016ca2; display: inline-block; float: left; font-family: inherit; font-size: 2.125rem; font-stretch: inherit; font-variant-east-asian: normal; font-variant-ligatures: normal; font-variant-position: normal; height: 2.5rem; line-height: 2.125rem; margin: 0px 0.313rem 0px 0px; min-width: 2.125rem; padding: 0px; position: relative; text-decoration: none; vertical-align: baseline; width: 2.5rem;\"><\/a><\/p>\n<\/div>\n<div style=\"border: 0px; box-sizing: border-box; float: right; font-family: inherit; font-size: inherit; font-stretch: inherit; font-style: inherit; font-variant-caps: inherit; line-height: inherit; margin: 0px; padding: 0px; vertical-align: baseline;\">\n<div style=\"border: 0px; box-sizing: border-box; float: left; font-family: inherit; font-size: inherit; font-stretch: inherit; font-style: inherit; font-variant-caps: inherit; line-height: inherit; margin: 0px 0px 0px 0.125rem; padding: 0px; position: relative; vertical-align: baseline;\"><a href=\"https:\/\/plus.elpais.com\/conectar?backURL=https%3A%2F%2Felpais.com%2Fsociedad%2F2019%2F03%2F14%2Factualidad%2F1552560234_560621.html&amp;o=FAV\" style=\"-webkit-font-smoothing: antialiased; border-bottom-left-radius: 100%; border-bottom-right-radius: 100%; border-top-left-radius: 100%; border-top-right-radius: 100%; border: 0px; box-sizing: border-box; color: #016ca2; display: inline-block; float: left; font-family: inherit; font-size: 2.125rem; font-stretch: inherit; font-variant-east-asian: normal; font-variant-ligatures: normal; font-variant-position: normal; height: 2.5rem; line-height: 2.125rem; margin: 0px; padding: 0px; position: relative; text-decoration: none; text-indent: -9999px; vertical-align: baseline; width: 2.5rem;\" title=\"Tienes que estar registrado en EL PA\u00cdS y haber iniciado sesi\u00f3n para poder guardar en favoritos\">Con\u00e9ctate<\/a><\/div>\n<div style=\"border: 0px; box-sizing: border-box; float: left; font-family: inherit; font-size: inherit; font-stretch: inherit; font-style: inherit; font-variant-caps: inherit; line-height: inherit; margin: 0px 0px 0px 0.125rem; padding: 0px; position: relative; vertical-align: baseline;\"><button style=\"-webkit-font-smoothing: antialiased; background-position: 0px 0px; border-bottom-left-radius: 100%; border-bottom-right-radius: 100%; border-top-left-radius: 100%; border-top-right-radius: 100%; border: none; color: inherit; cursor: pointer; float: left; font-family: inherit; font-size: 2.125rem; font-stretch: inherit; font-variant-east-asian: normal; font-variant-ligatures: normal; font-variant-position: normal; height: 2.5rem; line-height: 2.125rem; margin: 0px; overflow: visible; padding: 0px; position: relative; text-indent: -9999px; width: 2.5rem;\">Enviar por correo<\/button><\/div>\n<\/div>\n<\/div>\n<\/aside>\n<\/header>\n<div style=\"border: 0px; box-sizing: border-box; clear: both; float: none; font-family: inherit; font-size: inherit; font-stretch: inherit; font-style: inherit; font-variant-caps: inherit; line-height: inherit; margin: 0px auto; padding: 0px; vertical-align: baseline; width: auto;\">\n<figure itemprop=\"image\" itemscope=\"\" itemtype=\"https:\/\/schema.org\/ImageObject\" style=\"border: 0px; box-sizing: border-box; font-family: inherit; font-size: inherit; font-stretch: inherit; font-style: inherit; font-variant-caps: inherit; line-height: inherit; margin: 0px 0px 1.5rem; padding: 0px; position: relative; vertical-align: baseline;\"><img loading=\"lazy\" decoding=\"async\" alt=\"Huelga 15 marzo 2019\" height=\"568\" src=\"http:\/\/aedecanarias.live-website.com\/wp-content\/uploads\/2019\/03\/1552560234_560621_1552568981_noticia_normal-300x174.jpg\" srcset=\"https:\/\/ep01.epimg.net\/sociedad\/imagenes\/2019\/03\/14\/actualidad\/1552560234_560621_1552568981_noticia_normal_recorte1.jpg 1960w, https:\/\/ep01.epimg.net\/sociedad\/imagenes\/2019\/03\/14\/actualidad\/1552560234_560621_1552568981_noticia_normal_recorte2.jpg 720w, http:\/\/aedecanarias.live-website.com\/wp-content\/uploads\/2019\/03\/1552560234_560621_1552568981_noticia_normal-300x174.jpg 980w\" style=\"border: 0px; box-sizing: border-box; display: block; font-family: inherit; font-size: inherit; font-stretch: inherit; font-style: inherit; font-variant-caps: inherit; height: auto; line-height: inherit; margin: 0px; max-width: 100%; padding: 0px; vertical-align: baseline;\" width=\"980\"><figcaption itemprop=\"caption\" style=\"border-bottom-color: rgb(208, 208, 208); border-bottom-style: dotted; border-width: 0px 0px 0.063rem; box-sizing: border-box; color: #646464; font-family: inherit; font-size: 0.764em; font-stretch: inherit; font-style: inherit; font-variant-caps: inherit; line-height: 14.033641815185547px; margin: 0px; padding: 0.25rem 0.313rem 0.313rem; text-align: right; vertical-align: baseline;\"><span style=\"border: 0px; box-sizing: border-box; font-family: inherit; font-size: inherit; font-stretch: inherit; font-style: inherit; line-height: inherit; margin: 0px; padding: 0px; vertical-align: baseline;\">Figura que representa a la activista sueca Greta Thunberg durante el desfile de Rosenmontag.<\/span>&nbsp;<span style=\"border: 0px; box-sizing: border-box; color: #111111; font-family: inherit; font-size: 0.846em; font-stretch: inherit; font-style: inherit; line-height: inherit; margin: 0px; padding: 0px; text-transform: uppercase; vertical-align: baseline;\"><span itemprop=\"author\" style=\"border: 0px; box-sizing: border-box; font-family: inherit; font-size: inherit; font-stretch: inherit; font-style: inherit; line-height: inherit; margin: 0px; padding: 0px; vertical-align: baseline;\">WOLFGANG RATTAY<\/span>&nbsp;<span itemprop=\"copyrightHolder\" style=\"border: 0px; box-sizing: border-box; font-family: inherit; font-size: inherit; font-stretch: inherit; font-style: inherit; line-height: inherit; margin: 0px; padding: 0px; vertical-align: baseline;\">REUTERS<\/span><\/span><\/figcaption><\/figure>\n<div style=\"border: 0px; box-sizing: border-box; color: #a4a4a4; font-family: inherit; font-size: inherit; font-stretch: inherit; font-style: inherit; font-variant-caps: inherit; line-height: inherit; margin: 0px 0px 0.438rem; padding: 0px; vertical-align: baseline;\">\n<div itemprop=\"author\" itemscope=\"\" itemtype=\"https:\/\/schema.org\/Person\" style=\"border: 0px; box-sizing: border-box; float: left; font-family: inherit; font-size: inherit; font-stretch: inherit; font-style: inherit; font-variant-caps: inherit; line-height: inherit; margin: 0px 1.313rem 0px 0px; padding: 0px; position: relative; vertical-align: baseline;\">\n<div style=\"border: 0px; box-sizing: border-box; float: left; font-family: inherit; font-size: inherit; font-stretch: inherit; font-style: inherit; font-variant-caps: inherit; line-height: inherit; margin: 0px; padding: 0px; vertical-align: baseline;\"><span itemprop=\"name\" style=\"border: 0px; box-sizing: border-box; display: inline-block; float: left; font-family: inherit; font-size: 0.647em; font-stretch: inherit; font-style: inherit; font-weight: 700; line-height: 15.956053733825684px; margin: 0px; padding: 0px; text-transform: uppercase; vertical-align: baseline;\"><a href=\"https:\/\/elpais.com\/autor\/el_pais\/a\/\" itemprop=\"url\" style=\"border: 0px; box-sizing: border-box; color: #111111; font-family: inherit; font-size: inherit; font-stretch: inherit; font-style: inherit; font-variant-caps: inherit; font-weight: inherit; line-height: inherit; margin: 0px; padding: 0px; text-decoration: none; vertical-align: baseline;\" title=\"Ver todas las noticias de El Pa\u00eds\">EL PA\u00cdS<\/a><\/span><\/p>\n<div style=\"border: 0px; box-sizing: border-box; float: left; font-family: inherit; font-size: inherit; font-stretch: inherit; font-style: inherit; font-variant-caps: inherit; line-height: inherit; margin: 0px 0px 0px 0.15rem; padding: 0px; vertical-align: baseline;\">\n<ul style=\"border: 0px; box-sizing: border-box; display: inline; font-family: inherit; font-size: inherit; font-stretch: inherit; font-style: inherit; font-variant-caps: inherit; line-height: inherit; list-style: none; margin: 0px auto; padding: 0px; vertical-align: baseline;\">\n<li style=\"border: 0px; box-sizing: border-box; display: inline; float: left; font-family: inherit; font-size: inherit; font-stretch: inherit; font-style: inherit; font-variant-caps: inherit; height: auto; line-height: inherit; margin: 0px 0.125rem; max-height: 2rem; padding: 0px; vertical-align: baseline;\"><a href=\"http:\/\/twitter.com\/el_pais\" itemprop=\"sameAs\" rel=\"nofollow noopener\" style=\"-webkit-font-smoothing: antialiased; background-size: 1.125rem; border: 0px; box-sizing: border-box; color: #016ca2; display: block; font-family: inherit; font-size: 2rem; font-stretch: inherit; font-variant-east-asian: normal; font-variant-ligatures: normal; font-variant-position: normal; height: 1rem; line-height: 3rem; margin: 0px; padding: 0px; position: relative; text-decoration: none; text-indent: -9999px; vertical-align: baseline; width: 1.125rem;\" target=\"_blank\">Twitter<\/a><\/li>\n<li style=\"border: 0px; box-sizing: border-box; display: inline; float: left; font-family: inherit; font-size: inherit; font-stretch: inherit; font-style: inherit; font-variant-caps: inherit; height: auto; line-height: inherit; margin: 0px 0.125rem; max-height: 2rem; padding: 0px; vertical-align: baseline;\"><a href=\"https:\/\/plus.google.com\/u\/0\/103019117518606328359\/posts\" itemprop=\"sameAs\" rel=\"nofollow noopener\" style=\"-webkit-font-smoothing: antialiased; background-size: 1.125rem; border: 0px; box-sizing: border-box; color: #016ca2; display: block; font-family: inherit; font-size: 2rem; font-stretch: inherit; font-variant-east-asian: normal; font-variant-ligatures: normal; font-variant-position: normal; height: 1rem; line-height: 3rem; margin: 0px; padding: 0px; position: relative; text-decoration: none; text-indent: -9999px; vertical-align: baseline; width: 1.125rem;\" target=\"_blank\">Google Plus<\/a><\/li>\n<\/ul>\n<\/div>\n<\/div>\n<\/div>\n<\/div>\n<div style=\"border: 0px; box-sizing: border-box; color: #a4a4a4; font-family: inherit; font-size: inherit; font-stretch: inherit; font-style: inherit; font-variant-caps: inherit; line-height: 1rem; margin: 0px 0px 1.25rem; padding: 0px; vertical-align: baseline;\"><span style=\"border: 0px; box-sizing: border-box; color: #111111; font-family: inherit; font-size: 0.706em; font-stretch: inherit; font-style: inherit; font-weight: bold; line-height: inherit; margin: 0px; padding: 0px; vertical-align: baseline;\">Madrid&nbsp;<\/span><time datetime=\"2019-03-14T21:26:54+01:00\" style=\"border: 0px; box-sizing: border-box; font-family: inherit; font-size: 0.647em; font-stretch: inherit; font-style: inherit; font-variant-caps: inherit; line-height: inherit; margin: 0px; padding: 0px; text-transform: uppercase; vertical-align: baseline;\"><a href=\"https:\/\/elpais.com\/tag\/fecha\/20190314\" style=\"border: 0px; box-sizing: border-box; color: #a4a4a4; font-family: inherit; font-size: inherit; font-stretch: inherit; font-style: inherit; font-variant-caps: inherit; line-height: inherit; margin: 0px; padding: 0px; text-decoration: none; vertical-align: baseline;\" title=\"Ver todas las noticias de esta fecha\">14 MAR 2019 &#8211; 21:26 <abbr style=\"border-bottom-style: dotted; border-width: 0px 0px 1px; box-sizing: border-box; font-family: inherit; font-size: inherit; font-stretch: inherit; font-style: inherit; font-variant-caps: inherit; line-height: inherit; margin: 0px; padding: 0px; vertical-align: baseline;\" title=\"Central European Time\">CET<\/abbr><\/a><\/time><\/div>\n<\/div>\n<\/div>\n<div style=\"border: 0px; box-sizing: border-box; caret-color: rgb(68, 68, 68); clear: both; color: #444444; float: none; font-family: &quot;Benton Sans&quot;, sans-serif; font-size: 17.007999420166016px; font-stretch: inherit; line-height: inherit; margin: 0px auto; max-width: none; padding: 0px; vertical-align: baseline; width: auto;\">\n<div itemprop=\"articleBody\" style=\"border: 0px; box-sizing: border-box; clear: none; float: none; font-family: inherit; font-size: inherit; font-stretch: inherit; font-style: inherit; font-variant-caps: inherit; line-height: 28.06319808959961px; margin: 0px auto; max-width: none; padding: 0px; vertical-align: baseline; width: auto;\">\n<section style=\"border-top-color: rgb(102, 102, 102); border-top-style: solid; border-width: 0.063rem 0px 0px; box-sizing: border-box; clear: both; float: left; font-family: inherit; font-size: inherit; font-stretch: inherit; font-style: inherit; font-variant-caps: inherit; line-height: inherit; margin: 0.5rem 0.938rem 1.563rem auto; max-width: none; padding: 0px; vertical-align: baseline; width: 8.75rem;\"><a href=\"https:\/\/www.blogger.com\/null\" name=\"sumario_4\" style=\"border: 0px; box-sizing: border-box; color: #016ca2; font-family: inherit; font-size: inherit; font-stretch: inherit; font-style: inherit; font-variant-caps: inherit; line-height: inherit; margin: 0px; padding: 0px; vertical-align: baseline;\"><\/a><\/p>\n<div style=\"border: 0px; box-sizing: border-box; font-family: inherit; font-size: inherit; font-stretch: inherit; font-style: inherit; font-variant-caps: inherit; line-height: inherit; margin: 0px; padding: 0px; vertical-align: baseline;\">\n<header style=\"border: 0px; box-sizing: border-box; clear: both; float: none; font-family: inherit; font-size: inherit; font-stretch: inherit; font-style: inherit; font-variant-caps: inherit; line-height: inherit; margin: 0px; padding: 0px; vertical-align: baseline;\">\n<h3 style=\"border: 0px; box-sizing: border-box; color: #111111; font-size: 0.706em; font-stretch: inherit; font-style: inherit; font-variant-caps: inherit; line-height: 16.930782318115234px; margin: 0px; padding: 0.563rem 0px 0.625rem; text-transform: uppercase; vertical-align: baseline;\"><span style=\"border: 0px; box-sizing: border-box; font-family: inherit; font-size: inherit; font-stretch: inherit; font-style: inherit; font-weight: inherit; line-height: inherit; margin: 0px; padding: 0px; vertical-align: baseline;\">M\u00c1S INFORMACI\u00d3N<\/span><\/h3>\n<\/header>\n<div style=\"border: 0px; box-sizing: border-box; font-family: inherit; font-size: 0.882em; font-stretch: inherit; font-style: inherit; font-variant-caps: inherit; line-height: 24.751741409301758px; margin: 0px; padding: 0px; vertical-align: baseline;\">\n<div style=\"border: 0px; box-sizing: border-box; font-family: inherit; font-size: inherit; font-stretch: inherit; font-style: inherit; font-variant-caps: inherit; line-height: inherit; margin: 0px; padding: 0px; vertical-align: baseline;\">\n<ul style=\"border: 0px; box-sizing: border-box; font-family: inherit; font-size: inherit; font-stretch: inherit; font-style: inherit; font-variant-caps: inherit; line-height: inherit; list-style: none; margin: 0px; padding: 0px; vertical-align: baseline;\">\n<li style=\"border-bottom-color: rgb(235, 235, 235); border-bottom-style: solid; border-width: 0px 0px 0.063rem; box-sizing: border-box; font-family: inherit; font-size: 0.933em; font-stretch: inherit; font-style: inherit; font-variant-caps: inherit; line-height: 20.993976593017578px; margin: 0px; padding: 0px 0px 0.5rem; vertical-align: baseline;\">\n<figure itemprop=\"image\" itemscope=\"\" itemtype=\"http:\/\/schema.org\/ImageObject\" style=\"border: 0px; box-sizing: border-box; float: left; font-family: inherit; font-size: inherit; font-stretch: inherit; font-style: inherit; font-variant-caps: inherit; line-height: inherit; margin: 0px 0px 0.625rem; padding: 0px; position: relative; vertical-align: baseline;\"><a href=\"https:\/\/elpais.com\/sociedad\/2019\/03\/14\/actualidad\/1552553461_850759.html\" style=\"border: none; box-sizing: border-box; color: black; display: block; font-family: Majerit, serif; font-size: inherit; font-stretch: inherit; font-style: inherit; font-variant-caps: inherit; line-height: inherit; margin: 0px; padding: 0px; position: relative; text-decoration: none; vertical-align: baseline;\"><img loading=\"lazy\" decoding=\"async\" alt=\"Huelga contra el cambio clim\u00e1tico: recorrido de las manifestaciones del 15 de marzo\" height=\"100\" src=\"http:\/\/aedecanarias.live-website.com\/wp-content\/uploads\/2019\/03\/1552560234_560621_1552566146_sumarioapoyo_normal.jpg\" srcset=\"https:\/\/ep01.epimg.net\/sociedad\/imagenes\/2019\/03\/14\/actualidad\/1552560234_560621_1552566146_sumarioapoyo_normal_recorte1.jpg 280w, http:\/\/aedecanarias.live-website.com\/wp-content\/uploads\/2019\/03\/1552560234_560621_1552566146_sumarioapoyo_normal.jpg 140w\" style=\"border: 0px; box-sizing: border-box; display: block; font-family: inherit; font-size: inherit; font-stretch: inherit; font-style: inherit; font-variant-caps: inherit; height: auto; line-height: inherit; margin: 0px; max-width: 100%; padding: 0px; vertical-align: baseline;\" width=\"140\"><\/a><\/figure>\n<p><span style=\"border: 0px; box-sizing: border-box; font-family: &quot;majerit&quot; , serif; font-size: inherit; font-stretch: inherit; font-style: inherit; line-height: inherit; margin: 0px; padding: 0px; vertical-align: baseline;\"><a href=\"https:\/\/elpais.com\/sociedad\/2019\/03\/14\/actualidad\/1552553461_850759.html\" style=\"border-bottom-style: none; border-left-width: 0px; border-right-width: 0px; border-top-width: 0px; box-sizing: border-box; color: black; font-family: inherit; font-size: inherit; font-stretch: inherit; font-style: inherit; font-variant-caps: inherit; line-height: inherit; margin: 0px; padding: 0px; text-decoration: none; vertical-align: baseline;\">Las claves de la huelga mundial de los estudiantes por el clima<\/a><\/span><\/li>\n<\/ul>\n<\/div>\n<\/div>\n<\/div>\n<\/section>\n<div style=\"border: 0px; box-sizing: border-box; font-family: inherit; font-size: inherit; font-stretch: inherit; font-style: inherit; font-variant-caps: inherit; line-height: inherit; margin-bottom: 2.188rem; padding: 0px; vertical-align: baseline;\">Llevan tiempo avisando:&nbsp;<span style=\"border: 0px; box-sizing: border-box; font-family: inherit; font-size: inherit; font-stretch: inherit; font-style: inherit; font-weight: 700; line-height: inherit; margin: 0px; padding: 0px; vertical-align: baseline;\">los j\u00f3venes no van a esperar a que el&nbsp;<a href=\"https:\/\/elpais.com\/tag\/cambio_climatico\/a\" style=\"border: 0px; box-sizing: border-box; color: #016ca2; font-family: inherit; font-size: inherit; font-stretch: inherit; font-style: inherit; font-variant-caps: inherit; font-weight: inherit; line-height: inherit; margin: 0px; padding: 0px; text-decoration: none; vertical-align: baseline;\">cambio clim\u00e1tico<\/a><\/span>&nbsp;acabe con su futuro. Ante la pasividad de los gobiernos y de sus mayores, hace meses que se decidieron a coger las riendas y salir&nbsp;a la calle para reclamar acciones pol\u00edticas reales y efectivas que respondan de una vez a la alerta cient\u00edfica sobre el&nbsp;<a href=\"https:\/\/elpais.com\/tag\/medio_ambiente\/a\" style=\"border: 0px; box-sizing: border-box; color: #016ca2; font-family: inherit; font-size: inherit; font-stretch: inherit; font-style: inherit; font-variant-caps: inherit; line-height: inherit; margin: 0px; padding: 0px; text-decoration: none; vertical-align: baseline;\">medio ambiente<\/a>.<\/div>\n<div style=\"border: 0px; box-sizing: border-box; font-family: inherit; font-size: inherit; font-stretch: inherit; font-style: inherit; font-variant-caps: inherit; line-height: inherit; margin-bottom: 2.188rem; padding: 0px; vertical-align: baseline;\"><a name=\"more\"><\/a><\/p>\n<p>Su lucha contra el cambio clim\u00e1tico, que es de hecho la lucha de todos aunque sean ellos los que le pongan la cara, ha unido a los estudiantes de todo el mundo, convocados y liderados por la activista sueca de 16 a\u00f1os&nbsp;<span style=\"border: 0px; box-sizing: border-box; font-family: inherit; font-size: inherit; font-stretch: inherit; font-style: inherit; line-height: inherit; margin: 0px; padding: 0px; vertical-align: baseline;\"><a href=\"https:\/\/elpais.com\/elpais\/2019\/03\/07\/opinion\/1551983115_013402.html\" style=\"border: 0px; box-sizing: border-box; color: #016ca2; font-family: inherit; font-size: inherit; font-stretch: inherit; font-style: inherit; font-variant-caps: inherit; line-height: inherit; margin: 0px; padding: 0px; text-decoration: none; vertical-align: baseline;\"><span style=\"border: 0px; box-sizing: border-box; font-family: inherit; font-size: inherit; font-stretch: inherit; font-style: inherit; font-weight: 700; line-height: inherit; margin: 0px; padding: 0px; vertical-align: baseline;\">Greta Thunberg<\/span><\/a>. Es esta joven ecologista quien est\u00e1 detr\u00e1s de los&nbsp;<span style=\"border: 0px; box-sizing: border-box; font-family: inherit; font-size: inherit; font-stretch: inherit; font-style: inherit; font-weight: 700; line-height: inherit; margin: 0px; padding: 0px; vertical-align: baseline;\">Fridays For Future (FFF)<\/span>, el movimiento internacional que en Espa\u00f1a convoc\u00f3 a los estudiantes espa\u00f1oles&nbsp;<a href=\"https:\/\/elpais.com\/sociedad\/2019\/03\/01\/actualidad\/1551426213_350236.html\" style=\"border: 0px; box-sizing: border-box; color: #016ca2; font-family: inherit; font-size: inherit; font-stretch: inherit; font-style: inherit; font-variant-caps: inherit; line-height: inherit; margin: 0px; padding: 0px; text-decoration: none; vertical-align: baseline;\">frente al Congreso de los Diputados<\/a>&nbsp;el viernes 1 de marzo y que ahora se concretar\u00e1 en&nbsp;<span style=\"border: 0px; box-sizing: border-box; font-family: inherit; font-size: inherit; font-stretch: inherit; font-style: inherit; font-weight: 700; line-height: inherit; margin: 0px; padding: 0px; vertical-align: baseline;\">la huelga global del 15 de marzo<\/span>, el viernes definitivo en el que los j\u00f3venes reclamar\u00e1n las medidas que tanto tiempo se han ignorado desde los despachos de los dirigentes.<\/span><\/p>\n<\/div>\n<section style=\"border: 0px; box-sizing: border-box; clear: both; font-family: inherit; font-size: inherit; font-stretch: inherit; font-style: inherit; font-variant-caps: inherit; line-height: inherit; margin: 0.5rem 0px 1.563rem; padding: 0px; vertical-align: baseline;\"><a href=\"https:\/\/www.blogger.com\/null\" name=\"sumario_3\" style=\"border: 0px; box-sizing: border-box; color: #016ca2; font-family: inherit; font-size: inherit; font-stretch: inherit; font-style: inherit; font-variant-caps: inherit; line-height: inherit; margin: 0px; padding: 0px; vertical-align: baseline;\"><\/a><\/p>\n<div style=\"border: 0px; box-sizing: border-box; font-family: inherit; font-size: inherit; font-stretch: inherit; font-style: inherit; font-variant-caps: inherit; line-height: inherit; margin: 0px; padding: 0px; vertical-align: baseline;\">\n<div style=\"border: 0px; box-sizing: border-box; font-family: inherit; font-size: 0.882em; font-stretch: inherit; font-style: inherit; font-variant-caps: inherit; line-height: 24.751741409301758px; margin: 0px; padding: 0px; vertical-align: baseline;\"><center style=\"border: 0px; box-sizing: border-box; font-family: inherit; font-size: inherit; font-stretch: inherit; font-style: inherit; font-variant-caps: inherit; line-height: inherit; margin: 0px; padding: 0px; vertical-align: baseline;\"><\/p>\n<blockquote data-lang=\"es\" style=\"border: 0px; box-sizing: border-box; color: black; font-family: Majerit, serif; font-size: 1.466em; font-stretch: inherit; font-style: italic; font-variant-caps: inherit; font-weight: 700; line-height: 26.38985824584961px; margin: 0px 0px 0.938rem; padding: 0px 1.25rem 1.25rem; vertical-align: baseline;\">\n<div dir=\"ltr\" lang=\"es\" style=\"border: 0px; box-sizing: border-box; font-family: inherit; font-size: 1.375rem; font-stretch: inherit; font-style: inherit; font-variant-caps: inherit; font-weight: inherit; line-height: 26.399999618530273px; padding: 0px; vertical-align: baseline;\">Queda un d\u00eda para que se nos escuche en todas estas ciudades. Hagamos de altavoz para que m\u00e1s gente se anime a luchar contra el cambio clim\u00e1tico.&nbsp;<a href=\"https:\/\/twitter.com\/hashtag\/15MClimatico?src=hash&amp;ref_src=twsrc%5Etfw\" style=\"border-bottom-color: currentcolor; border-bottom-style: dotted; border-width: 0px 0px 1px; box-sizing: border-box; font-family: inherit; font-size: inherit; font-stretch: inherit; font-style: inherit; font-variant-caps: inherit; font-weight: inherit; line-height: inherit; margin: 0px; padding: 0px; text-decoration: none; vertical-align: baseline;\">#15MClimatico<\/a><a href=\"https:\/\/twitter.com\/hashtag\/FridaysForFutureES?src=hash&amp;ref_src=twsrc%5Etfw\" style=\"border-bottom-color: currentcolor; border-bottom-style: dotted; border-width: 0px 0px 1px; box-sizing: border-box; font-family: inherit; font-size: inherit; font-stretch: inherit; font-style: inherit; font-variant-caps: inherit; font-weight: inherit; line-height: inherit; margin: 0px; padding: 0px; text-decoration: none; vertical-align: baseline;\">#FridaysForFutureES<\/a>&nbsp;Aqu\u00ed pod\u00e9is ver las horas y los lugares donde nos reuniremos:&nbsp;<a href=\"https:\/\/t.co\/upD7QUhTuJ\" style=\"border-bottom-color: currentcolor; border-bottom-style: dotted; border-width: 0px 0px 1px; box-sizing: border-box; font-family: inherit; font-size: inherit; font-stretch: inherit; font-style: inherit; font-variant-caps: inherit; font-weight: inherit; line-height: inherit; margin: 0px; padding: 0px; text-decoration: none; vertical-align: baseline;\">https:\/\/t.co\/upD7QUhTuJ<\/a>&nbsp;<a href=\"https:\/\/t.co\/YepSrfFktG\" style=\"border-bottom-color: currentcolor; border-bottom-style: dotted; border-width: 0px 0px 1px; box-sizing: border-box; font-family: inherit; font-size: inherit; font-stretch: inherit; font-style: inherit; font-variant-caps: inherit; font-weight: inherit; line-height: inherit; margin: 0px; padding: 0px; text-decoration: none; vertical-align: baseline;\">pic.twitter.com\/YepSrfFktG<\/a><\/div>\n<p>\u2014 Juventud Por El Clima (@JuventudXClima)&nbsp;<a href=\"https:\/\/twitter.com\/JuventudXClima\/status\/1106108809666285569?ref_src=twsrc%5Etfw\" style=\"border-bottom-color: currentcolor; border-bottom-style: dotted; border-width: 0px 0px 1px; box-sizing: border-box; font-family: inherit; font-size: inherit; font-stretch: inherit; font-style: inherit; font-variant-caps: inherit; font-weight: inherit; line-height: inherit; margin: 0px; padding: 0px; text-decoration: none; vertical-align: baseline;\">14 de marzo de 2019<\/a><\/p><\/blockquote>\n<p><center style=\"border: 0px; box-sizing: border-box; font-family: inherit; font-size: inherit; font-stretch: inherit; font-style: inherit; font-variant-caps: inherit; line-height: inherit; margin: 0px; padding: 0px; vertical-align: baseline;\"><\/center><\/center><\/div>\n<\/div>\n<\/section>\n<div style=\"border: 0px; box-sizing: border-box; font-family: inherit; font-size: inherit; font-stretch: inherit; font-style: inherit; font-variant-caps: inherit; line-height: inherit; margin-bottom: 2.188rem; padding: 0px; vertical-align: baseline;\"><span style=\"border: 0px; box-sizing: border-box; font-family: inherit; font-size: inherit; font-stretch: inherit; font-style: inherit; line-height: inherit; margin: 0px; padding: 0px; vertical-align: baseline;\">Un viernes que ya es&nbsp;<span style=\"border: 0px; box-sizing: border-box; font-family: inherit; font-size: inherit; font-stretch: inherit; font-style: inherit; font-weight: 700; line-height: inherit; margin: 0px; padding: 0px; vertical-align: baseline;\">conocido como el 15M clim\u00e1tico<\/span>&nbsp;y que en Espa\u00f1a no tiene marcha atr\u00e1s. Como reza el manifiesto de&nbsp;<span style=\"border: 0px; box-sizing: border-box; font-family: inherit; font-size: inherit; font-stretch: inherit; font-style: inherit; font-weight: 700; line-height: inherit; margin: 0px; padding: 0px; vertical-align: baseline;\"><a href=\"http:\/\/juventudxclima.es\/\" style=\"border: 0px; box-sizing: border-box; color: #016ca2; font-family: inherit; font-size: inherit; font-stretch: inherit; font-style: inherit; font-variant-caps: inherit; font-weight: inherit; line-height: inherit; margin: 0px; padding: 0px; text-decoration: none; vertical-align: baseline;\">Juventud por el Clima<\/a><\/span>, la facci\u00f3n del movimiento internacional&nbsp;en nuestro pa\u00eds, \u00abes el momento de traer esta ola de esperanza a Espa\u00f1a para que se pongan en marcha urgentemente pol\u00edticas que cuiden de las personas y del planeta\u00bb. Y, de paso, nos recuerdan al resto una de las sentencias m\u00e1s contundentes de&nbsp;<a href=\"https:\/\/elpais.com\/tag\/greta_thunberg_ernman\/a\" style=\"border: 0px; box-sizing: border-box; color: #016ca2; font-family: inherit; font-size: inherit; font-stretch: inherit; font-style: inherit; font-variant-caps: inherit; line-height: inherit; margin: 0px; padding: 0px; text-decoration: none; vertical-align: baseline;\">Thunberg<\/a>: \u00abUstedes&nbsp;<span style=\"border: 0px; box-sizing: border-box; font-family: inherit; font-size: inherit; font-stretch: inherit; font-style: inherit; font-weight: 700; line-height: inherit; margin: 0px; padding: 0px; vertical-align: baseline;\">dicen que aman a sus hijos por encima de todo<\/span>, pero les est\u00e1n robando su futuro ante sus propios ojos\u00bb.<\/span><\/div>\n<section style=\"border: 0px; box-sizing: border-box; clear: both; font-family: inherit; font-size: inherit; font-stretch: inherit; font-style: inherit; font-variant-caps: inherit; line-height: inherit; margin: 0.5rem 0px 1.563rem; padding: 0px; vertical-align: baseline;\"><a href=\"https:\/\/www.blogger.com\/null\" name=\"sumario_2\" style=\"border: 0px; box-sizing: border-box; color: #016ca2; font-family: inherit; font-size: inherit; font-stretch: inherit; font-style: inherit; font-variant-caps: inherit; line-height: inherit; margin: 0px; padding: 0px; vertical-align: baseline;\"><\/a><\/p>\n<div style=\"border: 0px; box-sizing: border-box; font-family: inherit; font-size: inherit; font-stretch: inherit; font-style: inherit; font-variant-caps: inherit; line-height: inherit; margin: 0px; padding: 0px; vertical-align: baseline;\">\n<div style=\"border: 0px; box-sizing: border-box; font-family: inherit; font-size: 0.882em; font-stretch: inherit; font-style: inherit; font-variant-caps: inherit; line-height: 24.751741409301758px; margin: 0px; padding: 0px; vertical-align: baseline;\"><center style=\"border: 0px; box-sizing: border-box; font-family: inherit; font-size: inherit; font-stretch: inherit; font-style: inherit; font-variant-caps: inherit; line-height: inherit; margin: 0px; padding: 0px; vertical-align: baseline;\"><iframe loading=\"lazy\" height=\"560\" src=\"https:\/\/www.google.com\/maps\/d\/embed?mid=1skgDxkeQBPquMkmk22ghkJ4pfb5UNZs-\" style=\"border-width: 0px; box-sizing: border-box; display: block; font-family: inherit; font-size: inherit; font-stretch: inherit; font-style: inherit; font-variant-caps: inherit; height: 340px; line-height: inherit; margin: 0px 19.21875px; max-width: 100%; padding: 0px; vertical-align: baseline; width: 922.5546875px;\" width=\"980\"><\/iframe><center style=\"border: 0px; box-sizing: border-box; font-family: inherit; font-size: inherit; font-stretch: inherit; font-style: inherit; font-variant-caps: inherit; line-height: inherit; margin: 0px; padding: 0px; vertical-align: baseline;\"><\/center><\/center><\/div>\n<\/div>\n<\/section>\n<div style=\"border: 0px; box-sizing: border-box; font-family: inherit; font-size: inherit; font-stretch: inherit; font-style: inherit; font-variant-caps: inherit; line-height: inherit; margin-bottom: 2.188rem; padding: 0px; vertical-align: baseline;\"><span style=\"border: 0px; box-sizing: border-box; font-family: inherit; font-size: inherit; font-stretch: inherit; font-style: inherit; line-height: inherit; margin: 0px; padding: 0px; vertical-align: baseline;\">M\u00e1s de mil ciudades de 89 pa\u00edses secundar\u00e1n esta&nbsp;<span style=\"border: 0px; box-sizing: border-box; font-family: inherit; font-size: inherit; font-stretch: inherit; font-style: inherit; font-weight: 700; line-height: inherit; margin: 0px; padding: 0px; vertical-align: baseline;\">huelga escolar internacional el viernes 15 de marzo<\/span>. Por su parte, los j<\/span>\u00f3venes espa\u00f1oles, agrupados en las decenas de colectivos que conforman Juventud por el Clima, han convocado un total de 45 concentraciones en 43 ciudades. A continuaci\u00f3n puedes consultar el recorrido de las manifestaciones y su hora de inicio:<\/div>\n<section style=\"background-color: #ebebeb; border: 0px; box-sizing: border-box; clear: both; font-family: inherit; font-size: inherit; font-stretch: inherit; font-style: inherit; font-variant-caps: inherit; line-height: inherit; margin: 0.5rem 0px 1.563rem; padding: 1.25rem 1.875rem; vertical-align: baseline;\"><a href=\"https:\/\/www.blogger.com\/null\" name=\"sumario_1\" style=\"background-color: transparent; border: 0px; box-sizing: border-box; color: #016ca2; font-family: inherit; font-size: inherit; font-stretch: inherit; font-style: inherit; font-variant-caps: inherit; line-height: inherit; margin: 0px; padding: 0px; vertical-align: baseline;\"><\/a><\/p>\n<div style=\"border: 0px; box-sizing: border-box; font-family: inherit; font-size: inherit; font-stretch: inherit; font-style: inherit; font-variant-caps: inherit; line-height: inherit; margin: 0px; padding: 0px; vertical-align: baseline;\">\n<header style=\"border: 0px; box-sizing: border-box; clear: both; float: none; font-family: inherit; font-size: inherit; font-stretch: inherit; font-style: inherit; font-variant-caps: inherit; line-height: inherit; margin: 0px; padding: 0px; vertical-align: baseline;\">\n<h4 style=\"border: 0px; box-sizing: border-box; color: #111111; font-family: Majerit, serif; font-size: 1.294em; font-stretch: inherit; font-style: inherit; font-variant-caps: inherit; line-height: 27.950605392456055px; margin: 0px; padding: 0.938rem 0px 1.063rem; text-transform: uppercase; vertical-align: baseline;\"><span style=\"border: 0px; box-sizing: border-box; font-family: inherit; font-size: inherit; font-stretch: inherit; font-style: inherit; font-weight: inherit; line-height: inherit; margin: 0px; padding: 0px; vertical-align: baseline;\">MANIFESTACIONES DEL 15M CLIM\u00c1TICO<\/span><\/h4>\n<\/header>\n<div style=\"border: 0px; box-sizing: border-box; font-family: inherit; font-size: 0.882em; font-stretch: inherit; font-style: inherit; font-variant-caps: inherit; line-height: 24.751741409301758px; margin: 0px; padding: 0px; vertical-align: baseline;\">\n<h4 style=\"border: 0px; box-sizing: border-box; color: #111111; font-family: Majerit, serif; font-size: inherit; font-stretch: inherit; font-style: inherit; font-variant-caps: inherit; font-weight: inherit; line-height: inherit; margin: 0px; padding: 0px; vertical-align: baseline;\">ANDALUC\u00cdA<\/h4>\n<div style=\"border: 0px; box-sizing: border-box; font-family: inherit; font-size: inherit; font-stretch: inherit; font-style: inherit; font-variant-caps: inherit; line-height: 1.375rem; margin-bottom: 0.938rem; padding: 0px; vertical-align: baseline;\"><span style=\"border: 0px; box-sizing: border-box; font-family: inherit; font-size: inherit; font-stretch: inherit; font-style: inherit; font-weight: 700; line-height: inherit; margin: 0px; padding: 0px; vertical-align: baseline;\">Almer\u00eda<\/span>: 19:30h. &#8211; Puerta Purchena &#8211; Subdelegaci\u00f3n del Gobierno<\/div>\n<div style=\"border: 0px; box-sizing: border-box; font-family: inherit; font-size: inherit; font-stretch: inherit; font-style: inherit; font-variant-caps: inherit; line-height: 1.375rem; margin-bottom: 0.938rem; padding: 0px; vertical-align: baseline;\"><span style=\"border: 0px; box-sizing: border-box; font-family: inherit; font-size: inherit; font-stretch: inherit; font-style: inherit; font-weight: 700; line-height: inherit; margin: 0px; padding: 0px; vertical-align: baseline;\">C\u00e1diz<\/span>: 12:00h. &#8211; Plaza de San Juan de Dios<\/div>\n<div style=\"border: 0px; box-sizing: border-box; font-family: inherit; font-size: inherit; font-stretch: inherit; font-style: inherit; font-variant-caps: inherit; line-height: 1.375rem; margin-bottom: 0.938rem; padding: 0px; vertical-align: baseline;\"><span style=\"border: 0px; box-sizing: border-box; font-family: inherit; font-size: inherit; font-stretch: inherit; font-style: inherit; font-weight: 700; line-height: inherit; margin: 0px; padding: 0px; vertical-align: baseline;\">C\u00f3rdoba<\/span>: 13:00h. &#8211;&nbsp;<span style=\"border: 0px; box-sizing: border-box; font-family: inherit; font-size: inherit; font-stretch: inherit; font-style: inherit; line-height: inherit; margin: 0px; padding: 0px; vertical-align: baseline;\">Calle Capitulares, frente a a<\/span>yuntamiento<\/div>\n<div style=\"border: 0px; box-sizing: border-box; font-family: inherit; font-size: inherit; font-stretch: inherit; font-style: inherit; font-variant-caps: inherit; line-height: 1.375rem; margin-bottom: 0.938rem; padding: 0px; vertical-align: baseline;\"><span style=\"border: 0px; box-sizing: border-box; font-family: inherit; font-size: inherit; font-stretch: inherit; font-style: inherit; font-weight: 700; line-height: inherit; margin: 0px; padding: 0px; vertical-align: baseline;\">Granada<\/span>: 12:00h. &#8211;&nbsp;<span style=\"border: 0px; box-sizing: border-box; font-family: inherit; font-size: inherit; font-stretch: inherit; font-style: inherit; line-height: inherit; margin: 0px; padding: 0px; vertical-align: baseline;\">Plaza de Espa\u00f1a, frente a ayuntamiento<\/span><\/div>\n<div style=\"border: 0px; box-sizing: border-box; font-family: inherit; font-size: inherit; font-stretch: inherit; font-style: inherit; font-variant-caps: inherit; line-height: 1.375rem; margin-bottom: 0.938rem; padding: 0px; vertical-align: baseline;\"><span style=\"border: 0px; box-sizing: border-box; font-family: inherit; font-size: inherit; font-stretch: inherit; font-style: inherit; font-weight: 700; line-height: inherit; margin: 0px; padding: 0px; vertical-align: baseline;\">Huelva<\/span>: 17:00h. &#8211; Plaza del Punto<\/div>\n<div style=\"border: 0px; box-sizing: border-box; font-family: inherit; font-size: inherit; font-stretch: inherit; font-style: inherit; font-variant-caps: inherit; line-height: 1.375rem; margin-bottom: 0.938rem; padding: 0px; vertical-align: baseline;\"><span style=\"border: 0px; box-sizing: border-box; font-family: inherit; font-size: inherit; font-stretch: inherit; font-style: inherit; font-weight: 700; line-height: inherit; margin: 0px; padding: 0px; vertical-align: baseline;\">M\u00e1laga<\/span>: 19:00h. &#8211; Plaza de la Constituci\u00f3n<\/div>\n<div style=\"border: 0px; box-sizing: border-box; font-family: inherit; font-size: inherit; font-stretch: inherit; font-style: inherit; font-variant-caps: inherit; line-height: 1.375rem; margin-bottom: 0.938rem; padding: 0px; vertical-align: baseline;\"><span style=\"border: 0px; box-sizing: border-box; font-family: inherit; font-size: inherit; font-stretch: inherit; font-style: inherit; font-weight: 700; line-height: inherit; margin: 0px; padding: 0px; vertical-align: baseline;\">Sevilla<\/span>: 12:00h. &#8211; Plaza Nueva<\/div>\n<h4 style=\"border: 0px; box-sizing: border-box; color: #111111; font-family: Majerit, serif; font-size: inherit; font-stretch: inherit; font-style: inherit; font-variant-caps: inherit; font-weight: inherit; line-height: inherit; margin: 0px; padding: 0px; vertical-align: baseline;\">ARAG\u00d3N<\/h4>\n<div style=\"border: 0px; box-sizing: border-box; font-family: inherit; font-size: inherit; font-stretch: inherit; font-style: inherit; font-variant-caps: inherit; line-height: 1.375rem; margin-bottom: 0.938rem; padding: 0px; vertical-align: baseline;\"><span style=\"border: 0px; box-sizing: border-box; font-family: inherit; font-size: inherit; font-stretch: inherit; font-style: inherit; font-weight: 700; line-height: inherit; margin: 0px; padding: 0px; vertical-align: baseline;\">Zaragoza<\/span>: 19:00h. &#8211; Plaza de Espa\u00f1a<\/div>\n<div style=\"border: 0px; box-sizing: border-box; font-family: inherit; font-size: inherit; font-stretch: inherit; font-style: inherit; font-variant-caps: inherit; line-height: 1.375rem; margin-bottom: 0.938rem; padding: 0px; vertical-align: baseline;\"><span style=\"border: 0px; box-sizing: border-box; font-family: inherit; font-size: inherit; font-stretch: inherit; font-style: inherit; font-weight: 700; line-height: inherit; margin: 0px; padding: 0px; vertical-align: baseline;\">Huesca<\/span>: 12:00h. &#8211; Plaza de Navarra<\/div>\n<h4 style=\"border: 0px; box-sizing: border-box; color: #111111; font-family: Majerit, serif; font-size: inherit; font-stretch: inherit; font-style: inherit; font-variant-caps: inherit; font-weight: inherit; line-height: inherit; margin: 0px; padding: 0px; vertical-align: baseline;\">ASTURIAS<\/h4>\n<div style=\"border: 0px; box-sizing: border-box; font-family: inherit; font-size: inherit; font-stretch: inherit; font-style: inherit; font-variant-caps: inherit; line-height: 1.375rem; margin-bottom: 0.938rem; padding: 0px; vertical-align: baseline;\"><span style=\"border: 0px; box-sizing: border-box; font-family: inherit; font-size: inherit; font-stretch: inherit; font-style: inherit; font-weight: 700; line-height: inherit; margin: 0px; padding: 0px; vertical-align: baseline;\">Oviedo<\/span>: 19:00h. &#8211; Plaza de la Escandalera<\/div>\n<h4 style=\"border: 0px; box-sizing: border-box; color: #111111; font-family: Majerit, serif; font-size: inherit; font-stretch: inherit; font-style: inherit; font-variant-caps: inherit; font-weight: inherit; line-height: inherit; margin: 0px; padding: 0px; vertical-align: baseline;\">CANARIAS<\/h4>\n<div style=\"border: 0px; box-sizing: border-box; font-family: inherit; font-size: inherit; font-stretch: inherit; font-style: inherit; font-variant-caps: inherit; line-height: 1.375rem; margin-bottom: 0.938rem; padding: 0px; vertical-align: baseline;\"><span style=\"border: 0px; box-sizing: border-box; font-family: inherit; font-size: inherit; font-stretch: inherit; font-style: inherit; font-weight: 700; line-height: inherit; margin: 0px; padding: 0px; vertical-align: baseline;\">Santa Cruz de la Palma<\/span>: 08:00 &#8211; 12:00h &#8211; Plaza de Espa\u00f1a<\/div>\n<div style=\"border: 0px; box-sizing: border-box; font-family: inherit; font-size: inherit; font-stretch: inherit; font-style: inherit; font-variant-caps: inherit; line-height: 1.375rem; margin-bottom: 0.938rem; padding: 0px; vertical-align: baseline;\"><span style=\"border: 0px; box-sizing: border-box; font-family: inherit; font-size: inherit; font-stretch: inherit; font-style: inherit; font-weight: 700; line-height: inherit; margin: 0px; padding: 0px; vertical-align: baseline;\">Llanos de Aridane<\/span>: 12:00h. &#8211; Plaza de Espa\u00f1a<\/div>\n<div style=\"border: 0px; box-sizing: border-box; font-family: inherit; font-size: inherit; font-stretch: inherit; font-style: inherit; font-variant-caps: inherit; line-height: 1.375rem; margin-bottom: 0.938rem; padding: 0px; vertical-align: baseline;\"><span style=\"border: 0px; box-sizing: border-box; font-family: inherit; font-size: inherit; font-stretch: inherit; font-style: inherit; font-weight: 700; line-height: inherit; margin: 0px; padding: 0px; vertical-align: baseline;\">Santa Cruz de Tenerife<\/span>:<br \/>\n11:30h. Campus de la Universidad de la Laguna<br \/>\n18:00h. Plaza Weyler<\/div>\n<div style=\"border: 0px; box-sizing: border-box; font-family: inherit; font-size: inherit; font-stretch: inherit; font-style: inherit; font-variant-caps: inherit; line-height: 1.375rem; margin-bottom: 0.938rem; padding: 0px; vertical-align: baseline;\"><span style=\"border: 0px; box-sizing: border-box; font-family: inherit; font-size: inherit; font-stretch: inherit; font-style: inherit; font-weight: 700; line-height: inherit; margin: 0px; padding: 0px; vertical-align: baseline;\">Las Palmas de Gran Canaria<\/span>: 12:00h. &#8211; Paseo Tom\u00e1s Morales<br \/>\n*Paro de 2 horas con talleres y lectura de manifiesto<\/div>\n<div style=\"border: 0px; box-sizing: border-box; font-family: inherit; font-size: inherit; font-stretch: inherit; font-style: inherit; font-variant-caps: inherit; line-height: 1.375rem; margin-bottom: 0.938rem; padding: 0px; vertical-align: baseline;\"><span style=\"border: 0px; box-sizing: border-box; font-family: inherit; font-size: inherit; font-stretch: inherit; font-style: inherit; font-weight: 700; line-height: inherit; margin: 0px; padding: 0px; vertical-align: baseline;\">Arrecife, Lanzarote<\/span>: 09:00h. &#8211; Puente de las Bolas<\/div>\n<h4 style=\"border: 0px; box-sizing: border-box; color: #111111; font-family: Majerit, serif; font-size: inherit; font-stretch: inherit; font-style: inherit; font-variant-caps: inherit; font-weight: inherit; line-height: inherit; margin: 0px; padding: 0px; vertical-align: baseline;\">CANTABRIA<\/h4>\n<div style=\"border: 0px; box-sizing: border-box; font-family: inherit; font-size: inherit; font-stretch: inherit; font-style: inherit; font-variant-caps: inherit; line-height: 1.375rem; margin-bottom: 0.938rem; padding: 0px; vertical-align: baseline;\"><span style=\"border: 0px; box-sizing: border-box; font-family: inherit; font-size: inherit; font-stretch: inherit; font-style: inherit; font-weight: 700; line-height: inherit; margin: 0px; padding: 0px; vertical-align: baseline;\">Santander<\/span>: 12:00h. &#8211; Ayuntamiento<\/div>\n<h4 style=\"border: 0px; box-sizing: border-box; color: #111111; font-family: Majerit, serif; font-size: inherit; font-stretch: inherit; font-style: inherit; font-variant-caps: inherit; font-weight: inherit; line-height: inherit; margin: 0px; padding: 0px; vertical-align: baseline;\">CASTILLA &#8211; LA MANCHA<\/h4>\n<div style=\"border: 0px; box-sizing: border-box; font-family: inherit; font-size: inherit; font-stretch: inherit; font-style: inherit; font-variant-caps: inherit; line-height: 1.375rem; margin-bottom: 0.938rem; padding: 0px; vertical-align: baseline;\"><a href=\"https:\/\/twitter.com\/AbFridays\/status\/1104874386102894597\" style=\"background-color: transparent; border-bottom-color: currentcolor; border-bottom-style: dotted; border-width: 0px 0px 1px; box-sizing: border-box; font-family: inherit; font-size: inherit; font-stretch: inherit; font-style: inherit; font-variant-caps: inherit; line-height: inherit; margin: 0px; padding: 0px; text-decoration: none; vertical-align: baseline;\" target=\"_blank\" rel=\"noopener\"><span style=\"border: 0px; box-sizing: border-box; font-family: inherit; font-size: inherit; font-stretch: inherit; font-style: inherit; font-weight: 700; line-height: inherit; margin: 0px; padding: 0px; vertical-align: baseline;\">Albacete<\/span>: 18:00h<\/a>. &#8211; Plaza de la Catedral<\/div>\n<h4 style=\"border: 0px; box-sizing: border-box; color: #111111; font-family: Majerit, serif; font-size: inherit; font-stretch: inherit; font-style: inherit; font-variant-caps: inherit; font-weight: inherit; line-height: inherit; margin: 0px; padding: 0px; vertical-align: baseline;\">CASTILLA Y LE\u00d3N<\/h4>\n<div style=\"border: 0px; box-sizing: border-box; font-family: inherit; font-size: inherit; font-stretch: inherit; font-style: inherit; font-variant-caps: inherit; line-height: 1.375rem; margin-bottom: 0.938rem; padding: 0px; vertical-align: baseline;\"><span style=\"border: 0px; box-sizing: border-box; font-family: inherit; font-size: inherit; font-stretch: inherit; font-style: inherit; font-weight: 700; line-height: inherit; margin: 0px; padding: 0px; vertical-align: baseline;\">Salamanca<\/span>: 12:00h. &#8211; Plaza Mayor<\/div>\n<div style=\"border: 0px; box-sizing: border-box; font-family: inherit; font-size: inherit; font-stretch: inherit; font-style: inherit; font-variant-caps: inherit; line-height: 1.375rem; margin-bottom: 0.938rem; padding: 0px; vertical-align: baseline;\"><span style=\"border: 0px; box-sizing: border-box; font-family: inherit; font-size: inherit; font-stretch: inherit; font-style: inherit; font-weight: 700; line-height: inherit; margin: 0px; padding: 0px; vertical-align: baseline;\">Valladolid<\/span>: 12:00h. &#8211; Plaza Portugalete<\/div>\n<div style=\"border: 0px; box-sizing: border-box; font-family: inherit; font-size: inherit; font-stretch: inherit; font-style: inherit; font-variant-caps: inherit; line-height: 1.375rem; margin-bottom: 0.938rem; padding: 0px; vertical-align: baseline;\"><span style=\"border: 0px; box-sizing: border-box; font-family: inherit; font-size: inherit; font-stretch: inherit; font-style: inherit; font-weight: 700; line-height: inherit; margin: 0px; padding: 0px; vertical-align: baseline;\">Soria<\/span>: 12:00h. y 19:00h. &#8211; Plaza Mayor<\/div>\n<div style=\"border: 0px; box-sizing: border-box; font-family: inherit; font-size: inherit; font-stretch: inherit; font-style: inherit; font-variant-caps: inherit; line-height: 1.375rem; margin-bottom: 0.938rem; padding: 0px; vertical-align: baseline;\"><span style=\"border: 0px; box-sizing: border-box; font-family: inherit; font-size: inherit; font-stretch: inherit; font-style: inherit; font-weight: 700; line-height: inherit; margin: 0px; padding: 0px; vertical-align: baseline;\">Burgos<\/span>: 13:00h. &#8211; Plaza Mayor<\/div>\n<div style=\"border: 0px; box-sizing: border-box; font-family: inherit; font-size: inherit; font-stretch: inherit; font-style: inherit; font-variant-caps: inherit; line-height: 1.375rem; margin-bottom: 0.938rem; padding: 0px; vertical-align: baseline;\"><span style=\"border: 0px; box-sizing: border-box; font-family: inherit; font-size: inherit; font-stretch: inherit; font-style: inherit; font-weight: 700; line-height: inherit; margin: 0px; padding: 0px; vertical-align: baseline;\">Segovia<\/span>: 13:00h. &#8211;&nbsp;<span style=\"border: 0px; box-sizing: border-box; font-family: inherit; font-size: inherit; font-stretch: inherit; font-style: inherit; line-height: inherit; margin: 0px; padding: 0px; vertical-align: baseline;\">Campus Mar\u00eda Zambrano de la Universidad de Valladolid<\/span><\/div>\n<h4 style=\"border: 0px; box-sizing: border-box; color: #111111; font-family: Majerit, serif; font-size: inherit; font-stretch: inherit; font-style: inherit; font-variant-caps: inherit; font-weight: inherit; line-height: inherit; margin: 0px; padding: 0px; vertical-align: baseline;\">CATALU\u00d1A<\/h4>\n<div style=\"border: 0px; box-sizing: border-box; font-family: inherit; font-size: inherit; font-stretch: inherit; font-style: inherit; font-variant-caps: inherit; line-height: 1.375rem; margin-bottom: 0.938rem; padding: 0px; vertical-align: baseline;\"><span style=\"border: 0px; box-sizing: border-box; font-family: inherit; font-size: inherit; font-stretch: inherit; font-style: inherit; font-weight: 700; line-height: inherit; margin: 0px; padding: 0px; vertical-align: baseline;\">Barcelona<\/span>:<br \/>\n12:00h. &#8211; De Pla\u00e7a de la Universitat a la Pla\u00e7a Sant Jaume<\/div>\n<div style=\"border: 0px; box-sizing: border-box; font-family: inherit; font-size: inherit; font-stretch: inherit; font-style: inherit; font-variant-caps: inherit; line-height: 1.375rem; margin-bottom: 0.938rem; padding: 0px; vertical-align: baseline;\"><span style=\"border: 0px; box-sizing: border-box; font-family: inherit; font-size: inherit; font-stretch: inherit; font-style: inherit; font-weight: 700; line-height: inherit; margin: 0px; padding: 0px; vertical-align: baseline;\">Sant Cugat del Vall\u00e9s<\/span>: 17:30h. &#8211; Pla\u00e7a Oactavia<\/div>\n<div style=\"border: 0px; box-sizing: border-box; font-family: inherit; font-size: inherit; font-stretch: inherit; font-style: inherit; font-variant-caps: inherit; line-height: 1.375rem; margin-bottom: 0.938rem; padding: 0px; vertical-align: baseline;\"><span style=\"border: 0px; box-sizing: border-box; font-family: inherit; font-size: inherit; font-stretch: inherit; font-style: inherit; font-weight: 700; line-height: inherit; margin: 0px; padding: 0px; vertical-align: baseline;\">Girona<\/span>:<br \/>\n12:30h. &#8211; Pla\u00e7a de Pompeu Fabra<br \/>\n14:00h. &#8211; Comida popular en la Pla\u00e7a Josep Pla<br \/>\n18:00h. &#8211; Pla\u00e7a del Vi<\/div>\n<div style=\"border: 0px; box-sizing: border-box; font-family: inherit; font-size: inherit; font-stretch: inherit; font-style: inherit; font-variant-caps: inherit; line-height: 1.375rem; margin-bottom: 0.938rem; padding: 0px; vertical-align: baseline;\"><span style=\"border: 0px; box-sizing: border-box; font-family: inherit; font-size: inherit; font-stretch: inherit; font-style: inherit; font-weight: 700; line-height: inherit; margin: 0px; padding: 0px; vertical-align: baseline;\">Tarragona<\/span>: 14:00h. &#8211; Pla\u00e7a del Font<\/div>\n<h4 style=\"border: 0px; box-sizing: border-box; color: #111111; font-family: Majerit, serif; font-size: inherit; font-stretch: inherit; font-style: inherit; font-variant-caps: inherit; font-weight: inherit; line-height: inherit; margin: 0px; padding: 0px; vertical-align: baseline;\">COMUNIDAD VALENCIANA<\/h4>\n<div style=\"border: 0px; box-sizing: border-box; font-family: inherit; font-size: inherit; font-stretch: inherit; font-style: inherit; font-variant-caps: inherit; line-height: 1.375rem; margin-bottom: 0.938rem; padding: 0px; vertical-align: baseline;\"><span style=\"border: 0px; box-sizing: border-box; font-family: inherit; font-size: inherit; font-stretch: inherit; font-style: inherit; font-weight: 700; line-height: inherit; margin: 0px; padding: 0px; vertical-align: baseline;\">Alicante<\/span>: 18:00h. &#8211; Passeig Esplanada d&#8217;Espanya<\/div>\n<div style=\"border: 0px; box-sizing: border-box; font-family: inherit; font-size: inherit; font-stretch: inherit; font-style: inherit; font-variant-caps: inherit; line-height: 1.375rem; margin-bottom: 0.938rem; padding: 0px; vertical-align: baseline;\"><span style=\"border: 0px; box-sizing: border-box; font-family: inherit; font-size: inherit; font-stretch: inherit; font-style: inherit; font-weight: 700; line-height: inherit; margin: 0px; padding: 0px; vertical-align: baseline;\">Castell\u00f3n<\/span>: 11:30h. &#8211; Plaza de Independencia<\/div>\n<div style=\"border: 0px; box-sizing: border-box; font-family: inherit; font-size: inherit; font-stretch: inherit; font-style: inherit; font-variant-caps: inherit; line-height: 1.375rem; margin-bottom: 0.938rem; padding: 0px; vertical-align: baseline;\"><span style=\"border: 0px; box-sizing: border-box; font-family: inherit; font-size: inherit; font-stretch: inherit; font-style: inherit; font-weight: 700; line-height: inherit; margin: 0px; padding: 0px; vertical-align: baseline;\">Valencia<\/span>: 12:00h. &#8211; Pla\u00e7a del Verge<\/div>\n<div style=\"border: 0px; box-sizing: border-box; font-family: inherit; font-size: inherit; font-stretch: inherit; font-style: inherit; font-variant-caps: inherit; line-height: 1.375rem; margin-bottom: 0.938rem; padding: 0px; vertical-align: baseline;\"><span style=\"border: 0px; box-sizing: border-box; font-family: inherit; font-size: inherit; font-stretch: inherit; font-style: inherit; line-height: inherit; margin: 0px; padding: 0px; vertical-align: baseline;\"><span style=\"border: 0px; box-sizing: border-box; font-family: inherit; font-size: inherit; font-stretch: inherit; font-style: inherit; font-weight: 700; line-height: inherit; margin: 0px; padding: 0px; vertical-align: baseline;\">Vall de Ux\u00f3<\/span>: 19:00h. &#8211;&nbsp;<span style=\"border: 0px; box-sizing: border-box; font-family: inherit; font-size: inherit; font-stretch: inherit; font-style: inherit; line-height: inherit; margin: 0px; padding: 0px; vertical-align: baseline;\">Pla\u00e7a del Parc<\/span><\/span><\/div>\n<h4 style=\"border: 0px; box-sizing: border-box; color: #111111; font-family: Majerit, serif; font-size: inherit; font-stretch: inherit; font-style: inherit; font-variant-caps: inherit; font-weight: inherit; line-height: inherit; margin: 0px; padding: 0px; vertical-align: baseline;\">EXTREMADURA<\/h4>\n<div style=\"border: 0px; box-sizing: border-box; font-family: inherit; font-size: inherit; font-stretch: inherit; font-style: inherit; font-variant-caps: inherit; line-height: 1.375rem; margin-bottom: 0.938rem; padding: 0px; vertical-align: baseline;\"><span style=\"border: 0px; box-sizing: border-box; font-family: inherit; font-size: inherit; font-stretch: inherit; font-style: inherit; font-weight: 700; line-height: inherit; margin: 0px; padding: 0px; vertical-align: baseline;\">Badajoz<\/span>: 12:00h. &#8211; Plaza de Espa\u00f1a<\/div>\n<div style=\"border: 0px; box-sizing: border-box; font-family: inherit; font-size: inherit; font-stretch: inherit; font-style: inherit; font-variant-caps: inherit; line-height: 1.375rem; margin-bottom: 0.938rem; padding: 0px; vertical-align: baseline;\"><span style=\"border: 0px; box-sizing: border-box; font-family: inherit; font-size: inherit; font-stretch: inherit; font-style: inherit; font-weight: 700; line-height: inherit; margin: 0px; padding: 0px; vertical-align: baseline;\">C\u00e1ceres<\/span>: 12:00h. &#8211; Ayuntamiento<\/div>\n<h4 style=\"border: 0px; box-sizing: border-box; color: #111111; font-family: Majerit, serif; font-size: inherit; font-stretch: inherit; font-style: inherit; font-variant-caps: inherit; font-weight: inherit; line-height: inherit; margin: 0px; padding: 0px; vertical-align: baseline;\">GALICIA<\/h4>\n<div style=\"border: 0px; box-sizing: border-box; font-family: inherit; font-size: inherit; font-stretch: inherit; font-style: inherit; font-variant-caps: inherit; line-height: 1.375rem; margin-bottom: 0.938rem; padding: 0px; vertical-align: baseline;\"><span style=\"border: 0px; box-sizing: border-box; font-family: inherit; font-size: inherit; font-stretch: inherit; font-style: inherit; font-weight: 700; line-height: inherit; margin: 0px; padding: 0px; vertical-align: baseline;\">Orense<\/span>: 11:00h. &#8211; Desde el Campus as Lagoas hasta la Plaza Mayor<\/div>\n<div style=\"border: 0px; box-sizing: border-box; font-family: inherit; font-size: inherit; font-stretch: inherit; font-style: inherit; font-variant-caps: inherit; line-height: 1.375rem; margin-bottom: 0.938rem; padding: 0px; vertical-align: baseline;\"><span style=\"border: 0px; box-sizing: border-box; font-family: inherit; font-size: inherit; font-stretch: inherit; font-style: inherit; font-weight: 700; line-height: inherit; margin: 0px; padding: 0px; vertical-align: baseline;\">Porri\u00f1o (Pontevedra)<\/span>: 12:00h. &#8211; Ayuntamiento<\/div>\n<div style=\"border: 0px; box-sizing: border-box; font-family: inherit; font-size: inherit; font-stretch: inherit; font-style: inherit; font-variant-caps: inherit; line-height: 1.375rem; margin-bottom: 0.938rem; padding: 0px; vertical-align: baseline;\"><span style=\"border: 0px; box-sizing: border-box; font-family: inherit; font-size: inherit; font-stretch: inherit; font-style: inherit; font-weight: 700; line-height: inherit; margin: 0px; padding: 0px; vertical-align: baseline;\">Vigo<\/span>: 12:00h. &#8211; Ayuntamiento .<\/div>\n<div style=\"border: 0px; box-sizing: border-box; font-family: inherit; font-size: inherit; font-stretch: inherit; font-style: inherit; font-variant-caps: inherit; line-height: 1.375rem; margin-bottom: 0.938rem; padding: 0px; vertical-align: baseline;\"><span style=\"border: 0px; box-sizing: border-box; font-family: inherit; font-size: inherit; font-stretch: inherit; font-style: inherit; font-weight: 700; line-height: inherit; margin: 0px; padding: 0px; vertical-align: baseline;\">A Coru\u00f1a<\/span>: 13:00h. &#8211; Plaza Mar\u00eda Pita<\/div>\n<div style=\"border: 0px; box-sizing: border-box; font-family: inherit; font-size: inherit; font-stretch: inherit; font-style: inherit; font-variant-caps: inherit; line-height: 1.375rem; margin-bottom: 0.938rem; padding: 0px; vertical-align: baseline;\"><span style=\"border: 0px; box-sizing: border-box; font-family: inherit; font-size: inherit; font-stretch: inherit; font-style: inherit; font-weight: 700; line-height: inherit; margin: 0px; padding: 0px; vertical-align: baseline;\">Ferrol<\/span>:<br \/>\n11:00h. &#8211; Plaza do Cant\u00f3n<br \/>\n12.00h &#8211; Desde la Plaza Amada Garc\u00eda<br \/>\n12:45h. &#8211; Manifestaci\u00f3n Cant\u00f3n<\/div>\n<h4 style=\"border: 0px; box-sizing: border-box; color: #111111; font-family: Majerit, serif; font-size: inherit; font-stretch: inherit; font-style: inherit; font-variant-caps: inherit; font-weight: inherit; line-height: inherit; margin: 0px; padding: 0px; vertical-align: baseline;\">ISLAS BALEARES<\/h4>\n<div style=\"border: 0px; box-sizing: border-box; font-family: inherit; font-size: inherit; font-stretch: inherit; font-style: inherit; font-variant-caps: inherit; line-height: 1.375rem; margin-bottom: 0.938rem; padding: 0px; vertical-align: baseline;\"><span style=\"border: 0px; box-sizing: border-box; font-family: inherit; font-size: inherit; font-stretch: inherit; font-style: inherit; font-weight: 700; line-height: inherit; margin: 0px; padding: 0px; vertical-align: baseline;\">Palma<\/span>: 12:00h. &#8211; Plaza del Tubo<\/div>\n<div style=\"border: 0px; box-sizing: border-box; font-family: inherit; font-size: inherit; font-stretch: inherit; font-style: inherit; font-variant-caps: inherit; line-height: 1.375rem; margin-bottom: 0.938rem; padding: 0px; vertical-align: baseline;\"><span style=\"border: 0px; box-sizing: border-box; font-family: inherit; font-size: inherit; font-stretch: inherit; font-style: inherit; font-weight: 700; line-height: inherit; margin: 0px; padding: 0px; vertical-align: baseline;\">Ibiza<\/span>: 18:00h. &#8211; Passeig de Vara de Rey<\/div>\n<h4 style=\"border: 0px; box-sizing: border-box; color: #111111; font-family: Majerit, serif; font-size: inherit; font-stretch: inherit; font-style: inherit; font-variant-caps: inherit; font-weight: inherit; line-height: inherit; margin: 0px; padding: 0px; vertical-align: baseline;\">MADRID<\/h4>\n<div style=\"border: 0px; box-sizing: border-box; font-family: inherit; font-size: inherit; font-stretch: inherit; font-style: inherit; font-variant-caps: inherit; line-height: 1.375rem; margin-bottom: 0.938rem; padding: 0px; vertical-align: baseline;\"><span style=\"border: 0px; box-sizing: border-box; font-family: inherit; font-size: inherit; font-stretch: inherit; font-style: inherit; font-weight: 700; line-height: inherit; margin: 0px; padding: 0px; vertical-align: baseline;\">Madrid<\/span>: 12:00h. &#8211; Desde Sol hasta el Congreso de los Diputados<\/div>\n<h4 style=\"border: 0px; box-sizing: border-box; color: #111111; font-family: Majerit, serif; font-size: inherit; font-stretch: inherit; font-style: inherit; font-variant-caps: inherit; font-weight: inherit; line-height: inherit; margin: 0px; padding: 0px; vertical-align: baseline;\">MURCIA<\/h4>\n<div style=\"border: 0px; box-sizing: border-box; font-family: inherit; font-size: inherit; font-stretch: inherit; font-style: inherit; font-variant-caps: inherit; line-height: 1.375rem; margin-bottom: 0.938rem; padding: 0px; vertical-align: baseline;\"><span style=\"border: 0px; box-sizing: border-box; font-family: inherit; font-size: inherit; font-stretch: inherit; font-style: inherit; font-weight: 700; line-height: inherit; margin: 0px; padding: 0px; vertical-align: baseline;\">Murcia<\/span>:<br \/>\n12:30h. &#8211; Taller de pancartas &#8211; Plaza de la Universidad<br \/>\n13:30h. &#8211; Manifestaci\u00f3n desde Plaza de la Merced<br \/>\n15:00h. &#8211; Comida com\u00fan en la Plaza de la Merced<br \/>\n17:00h. &#8211; Recogida de basuras desde el Cuartel de Artiller\u00eda<br \/>\n19:00h. &#8211; Exposiciones frente al Ayuntamiento<\/div>\n<div style=\"border: 0px; box-sizing: border-box; font-family: inherit; font-size: inherit; font-stretch: inherit; font-style: inherit; font-variant-caps: inherit; line-height: 1.375rem; margin-bottom: 0.938rem; padding: 0px; vertical-align: baseline;\"><span style=\"border: 0px; box-sizing: border-box; font-family: inherit; font-size: inherit; font-stretch: inherit; font-style: inherit; font-weight: 700; line-height: inherit; margin: 0px; padding: 0px; vertical-align: baseline;\">Bullas<\/span>: 13:00h. &#8211; Plaza de Espa\u00f1a<\/div>\n<h4 style=\"border: 0px; box-sizing: border-box; color: #111111; font-family: Majerit, serif; font-size: inherit; font-stretch: inherit; font-style: inherit; font-variant-caps: inherit; font-weight: inherit; line-height: inherit; margin: 0px; padding: 0px; vertical-align: baseline;\">NAVARRA<\/h4>\n<div style=\"border: 0px; box-sizing: border-box; font-family: inherit; font-size: inherit; font-stretch: inherit; font-style: inherit; font-variant-caps: inherit; line-height: 1.375rem; margin-bottom: 0.938rem; padding: 0px; vertical-align: baseline;\"><span style=\"border: 0px; box-sizing: border-box; font-family: inherit; font-size: inherit; font-stretch: inherit; font-style: inherit; font-weight: 700; line-height: inherit; margin: 0px; padding: 0px; vertical-align: baseline;\">Pamplona<\/span>: 12:00h. &#8211; Ayuntamiento<\/div>\n<h4 style=\"border: 0px; box-sizing: border-box; color: #111111; font-family: Majerit, serif; font-size: inherit; font-stretch: inherit; font-style: inherit; font-variant-caps: inherit; font-weight: inherit; line-height: inherit; margin: 0px; padding: 0px; vertical-align: baseline;\">PA\u00cdS VASCO<\/h4>\n<div style=\"border: 0px; box-sizing: border-box; font-family: inherit; font-size: inherit; font-stretch: inherit; font-style: inherit; font-variant-caps: inherit; line-height: 1.375rem; margin-bottom: 0.938rem; padding: 0px; vertical-align: baseline;\"><span style=\"border: 0px; box-sizing: border-box; font-family: inherit; font-size: inherit; font-stretch: inherit; font-style: inherit; font-weight: 700; line-height: inherit; margin: 0px; padding: 0px; vertical-align: baseline;\">Vitoria<\/span>:<br \/>\n13:00h. &#8211;&nbsp;<span style=\"border: 0px; box-sizing: border-box; font-family: inherit; font-size: inherit; font-stretch: inherit; font-style: inherit; line-height: inherit; margin: 0px; padding: 0px; vertical-align: baseline;\">Plaza Nueva Concentraci\u00f3n<\/span><br \/>\n18:00h. &#8211; Plaza Virgen Blanca<\/div>\n<div style=\"border: 0px; box-sizing: border-box; font-family: inherit; font-size: inherit; font-stretch: inherit; font-style: inherit; font-variant-caps: inherit; line-height: 1.375rem; margin-bottom: 0.938rem; padding: 0px; vertical-align: baseline;\"><span style=\"border: 0px; box-sizing: border-box; font-family: inherit; font-size: inherit; font-stretch: inherit; font-style: inherit; font-weight: 700; line-height: inherit; margin: 0px; padding: 0px; vertical-align: baseline;\">Bilbao<\/span>: 18:00h. &#8211; Ayuntamiento<\/div>\n<div style=\"border: 0px; box-sizing: border-box; font-family: inherit; font-size: inherit; font-stretch: inherit; font-style: inherit; font-variant-caps: inherit; line-height: 1.375rem; margin-bottom: 0.938rem; padding: 0px; vertical-align: baseline;\"><span style=\"border: 0px; box-sizing: border-box; font-family: inherit; font-size: inherit; font-stretch: inherit; font-style: inherit; font-weight: 700; line-height: inherit; margin: 0px; padding: 0px; vertical-align: baseline;\">San Sebasti\u00e1n<\/span>: 13:00h. &#8211; Centro Ignacio Mar\u00eda Barriola &#8211;&nbsp;<span style=\"border: 0px; box-sizing: border-box; font-family: inherit; font-size: inherit; font-stretch: inherit; font-style: inherit; line-height: inherit; margin: 0px; padding: 0px; vertical-align: baseline;\">Aulario UPV\/EHU<\/span><\/div>\n<h4 style=\"border: 0px; box-sizing: border-box; color: #111111; font-family: Majerit, serif; font-size: inherit; font-stretch: inherit; font-style: inherit; font-variant-caps: inherit; font-weight: inherit; line-height: inherit; margin: 0px; padding: 0px; vertical-align: baseline;\">LA RIOJA<\/h4>\n<div style=\"border: 0px; box-sizing: border-box; font-family: inherit; font-size: inherit; font-stretch: inherit; font-style: inherit; font-variant-caps: inherit; line-height: 1.375rem; margin-bottom: 0.938rem; padding: 0px; vertical-align: baseline;\"><span style=\"border: 0px; box-sizing: border-box; font-family: inherit; font-size: inherit; font-stretch: inherit; font-style: inherit; font-weight: 700; line-height: inherit; margin: 0px; padding: 0px; vertical-align: baseline;\">Logro\u00f1o<\/span>: 17:00h. &#8211; Plaza del Mercado<\/div>\n<\/div>\n<\/div>\n<\/section>\n<\/div>\n<\/div>\n","protected":false},"excerpt":{"rendered":"<p>Huelga contra el cambio clim\u00e1tico: recorrido de las manifestaciones del 15 de marzo Convocados por&#8230;<\/p>\n","protected":false},"author":2,"featured_media":395,"comment_status":"open","ping_status":"open","sticky":false,"template":"","format":"standard","meta":{"ngg_post_thumbnail":0,"footnotes":""},"categories":[1],"tags":[],"class_list":["post-24","post","type-post","status-publish","format-standard","has-post-thumbnail","hentry","category-hemeroteca"],"_links":{"self":[{"href":"https:\/\/aedecanarias.eu\/index.php?rest_route=\/wp\/v2\/posts\/24","targetHints":{"allow":["GET"]}}],"collection":[{"href":"https:\/\/aedecanarias.eu\/index.php?rest_route=\/wp\/v2\/posts"}],"about":[{"href":"https:\/\/aedecanarias.eu\/index.php?rest_route=\/wp\/v2\/types\/post"}],"author":[{"embeddable":true,"href":"https:\/\/aedecanarias.eu\/index.php?rest_route=\/wp\/v2\/users\/2"}],"replies":[{"embeddable":true,"href":"https:\/\/aedecanarias.eu\/index.php?rest_route=%2Fwp%2Fv2%2Fcomments&post=24"}],"version-history":[{"count":2,"href":"https:\/\/aedecanarias.eu\/index.php?rest_route=\/wp\/v2\/posts\/24\/revisions"}],"predecessor-version":[{"id":497,"href":"https:\/\/aedecanarias.eu\/index.php?rest_route=\/wp\/v2\/posts\/24\/revisions\/497"}],"wp:featuredmedia":[{"embeddable":true,"href":"https:\/\/aedecanarias.eu\/index.php?rest_route=\/wp\/v2\/media\/395"}],"wp:attachment":[{"href":"https:\/\/aedecanarias.eu\/index.php?rest_route=%2Fwp%2Fv2%2Fmedia&parent=24"}],"wp:term":[{"taxonomy":"category","embeddable":true,"href":"https:\/\/aedecanarias.eu\/index.php?rest_route=%2Fwp%2Fv2%2Fcategories&post=24"},{"taxonomy":"post_tag","embeddable":true,"href":"https:\/\/aedecanarias.eu\/index.php?rest_route=%2Fwp%2Fv2%2Ftags&post=24"}],"curies":[{"name":"wp","href":"https:\/\/api.w.org\/{rel}","templated":true}]}}