{"id":2328,"date":"2021-04-23T09:20:00","date_gmt":"2021-04-23T08:20:00","guid":{"rendered":"https:\/\/aedecanarias.eu\/?p=2328"},"modified":"2021-04-22T23:27:53","modified_gmt":"2021-04-22T22:27:53","slug":"hoy-dia-del-libro","status":"publish","type":"post","link":"https:\/\/aedecanarias.eu\/?p=2328","title":{"rendered":"Hoy, D\u00cdA DEL LIBRO"},"content":{"rendered":"\n<div class=\"twitter-share\"><a href=\"https:\/\/twitter.com\/intent\/tweet?via=aedecanarias\" class=\"twitter-share-button\" data-size=\"large\">Twittear<\/a><\/div>\n\n<p>El 23 de abril se celebra el&nbsp;<strong>D\u00eda del Libro 2021<\/strong>, y coincide con el D\u00eda de Sant Jordi en Catalu\u00f1a. Una fiesta de car\u00e1cter internacional que se celebra en m\u00e1s de 100 pa\u00edses de todo el mundo. Pero, \u00bfpor qu\u00e9 el 23 de abril y no otro d\u00eda del a\u00f1o? Te contamos la historia de esta celebraci\u00f3n.<\/p>\n\n\n\n<p>Origen del D\u00eda del Libro<\/p>\n\n\n\n<p>Todo comenz\u00f3 en Catalu\u00f1a de la mano del escritor Vicente Clavel Andr\u00e9s. En el a\u00f1o 1923 le propuso a la C\u00e1mara Oficial del Libro de Barcelona la celebraci\u00f3n del D\u00eda del Libro. Finalmente el&nbsp;<strong>rey Alfonso XIII de Espa\u00f1a<\/strong>&nbsp;lo aprob\u00f3 en el a\u00f1o 1926, y el 7 de octubre se celebr\u00f3 el primer D\u00eda del Libro por ser la fecha de nacimiento de Miguel de Cervantes. Finalmente, en 1930 se traslad\u00f3 la fiesta al 23 de abril ya que coincid\u00eda con Sant Jordi, patr\u00f3n de Catalu\u00f1a. En el D\u00eda de Sant Jordi es tradici\u00f3n que las personas queridas intercambien una rosa y un libro.<\/p>\n\n\n\n<p>El origen del D\u00eda del Libro data del a\u00f1o 1995, cuando en la&nbsp;<strong>Conferencia General de la UNESCO<\/strong>&nbsp;estableci\u00f3 el 23 de abril como una fecha simb\u00f3lica para rendir homenaje a la literatura y alentar a la poblaci\u00f3n a disfrutar de la lectura. El 23 de abril es una fecha muy especial en el \u00e1mbito literario porque el 23 de abril del a\u00f1o 1616 fallec\u00edan&nbsp;<a href=\"https:\/\/okdiario.com\/curiosidades\/13-frases-miguel-cervantes-4331074\">Miguel de Cervantes<\/a>&nbsp;y William Shakespeare, dos de los escritores m\u00e1s conocidos de la historia.<\/p>\n\n\n\n<p>A\u00f1os m\u00e1s tarde, la UNESCO puso en marcha una nueva iniciativa: nombrar cada a\u00f1o una ciudad como&nbsp;<strong>Capital Mundial del Libro<\/strong>. La decisi\u00f3n ser\u00eda tomada por la Federaci\u00f3n Internacional de Asociaciones de Bibliotecarios y Biblioteca, la Uni\u00f3n Internacional de Editores y la Federaci\u00f3n Internacional de Libreros. En 2001, la primera ciudad elegida fue Madrid.<\/p>\n\n\n\n<p>Curiosidades de la literatura<\/p>\n\n\n\n<p>Con motivo del D\u00eda del Libro 2021, es interesante conocer algunas&nbsp;<strong>curiosidades en torno a la literatura y el libr<\/strong>o.<\/p>\n\n\n\n<p>\u00bfSabr\u00edas decir cu\u00e1l es el<strong>&nbsp;libro m\u00e1s le\u00eddo de la historia<\/strong>? La Biblia, con m\u00e1s de 5.000 millones de copias vendidas y distribuidas en 438 lenguas distintas.<\/p>\n\n\n\n<p>La palabra \u00ablibro\u00bb proviene del lat\u00edn \u00abliber\u00bb, vocablo utilizado para referirse a la&nbsp;<strong>parte interior de la corteza de los \u00e1rboles<\/strong>. Antes de que existiera el papel se utilizaba para escribir.<\/p>\n\n\n\n<p>La\u00a0<strong>Biblioteca del Congreso de Washington<\/strong>\u00a0es la m\u00e1s grande de todo el mundo. Alberga 28 millones de libros y folletos. Si se colocaran todas las estanter\u00edas en fila recta, tendr\u00edan una longitud de 940 kil\u00f3metros.<\/p>\n\n\n\n<p><strong><a href=\"https:\/\/okdiario.com\/autor\/janire-manzanas\">JANIRE MANZANAS<\/a><\/strong> \/ OK Diario<\/p>\n","protected":false},"excerpt":{"rendered":"<p>El 23 de abril se celebra el&nbsp;D\u00eda del Libro 2021, y coincide con el D\u00eda&#8230;<\/p>\n","protected":false},"author":3,"featured_media":2329,"comment_status":"closed","ping_status":"closed","sticky":false,"template":"","format":"standard","meta":{"ngg_post_thumbnail":0,"footnotes":""},"categories":[8],"tags":[],"class_list":["post-2328","post","type-post","status-publish","format-standard","has-post-thumbnail","hentry","category-espana"],"_links":{"self":[{"href":"https:\/\/aedecanarias.eu\/index.php?rest_route=\/wp\/v2\/posts\/2328","targetHints":{"allow":["GET"]}}],"collection":[{"href":"https:\/\/aedecanarias.eu\/index.php?rest_route=\/wp\/v2\/posts"}],"about":[{"href":"https:\/\/aedecanarias.eu\/index.php?rest_route=\/wp\/v2\/types\/post"}],"author":[{"embeddable":true,"href":"https:\/\/aedecanarias.eu\/index.php?rest_route=\/wp\/v2\/users\/3"}],"replies":[{"embeddable":true,"href":"https:\/\/aedecanarias.eu\/index.php?rest_route=%2Fwp%2Fv2%2Fcomments&post=2328"}],"version-history":[{"count":2,"href":"https:\/\/aedecanarias.eu\/index.php?rest_route=\/wp\/v2\/posts\/2328\/revisions"}],"predecessor-version":[{"id":2332,"href":"https:\/\/aedecanarias.eu\/index.php?rest_route=\/wp\/v2\/posts\/2328\/revisions\/2332"}],"wp:featuredmedia":[{"embeddable":true,"href":"https:\/\/aedecanarias.eu\/index.php?rest_route=\/wp\/v2\/media\/2329"}],"wp:attachment":[{"href":"https:\/\/aedecanarias.eu\/index.php?rest_route=%2Fwp%2Fv2%2Fmedia&parent=2328"}],"wp:term":[{"taxonomy":"category","embeddable":true,"href":"https:\/\/aedecanarias.eu\/index.php?rest_route=%2Fwp%2Fv2%2Fcategories&post=2328"},{"taxonomy":"post_tag","embeddable":true,"href":"https:\/\/aedecanarias.eu\/index.php?rest_route=%2Fwp%2Fv2%2Ftags&post=2328"}],"curies":[{"name":"wp","href":"https:\/\/api.w.org\/{rel}","templated":true}]}}