{"id":23,"date":"2019-03-23T17:32:00","date_gmt":"2019-03-23T17:32:00","guid":{"rendered":"https:\/\/aedecanarias.eu\/23-2"},"modified":"2021-01-26T20:04:25","modified_gmt":"2021-01-26T20:04:25","slug":"23-2","status":"publish","type":"post","link":"https:\/\/aedecanarias.eu\/?p=23","title":{"rendered":"Piden segundo refer\u00e9ndum del Brexit"},"content":{"rendered":"\n<div class=\"twitter-share\"><a href=\"https:\/\/twitter.com\/intent\/tweet?via=aedecanarias\" class=\"twitter-share-button\" data-size=\"large\">Twittear<\/a><\/div>\n<h1 style=\"border: 0px; box-sizing: border-box; font-family: Majerit, serif; font-size: 1.764em; font-stretch: inherit; letter-spacing: -1px; line-height: 33.002323150634766px; margin: 0px 0px 0.875rem; padding: 0px; vertical-align: baseline;\">Cientos de miles de brit\u00e1nicos recorren Londres para pedir un segundo refer\u00e9ndum del Brexit<\/h1>\n<div style=\"border: 0px; box-sizing: border-box; caret-color: #444444; color: #444444; font-family: 'Benton Sans', sans-serif; font-size: 17.007999420166016px; font-stretch: inherit; line-height: inherit; margin: 0px; padding: 0px; vertical-align: baseline;\">\n<div style=\"clear: both; text-align: center;\"><a style=\"margin-left: 1em; margin-right: 1em;\" href=\"http:\/\/aedecanarias.live-website.com\/wp-content\/uploads\/2019\/03\/1553204042_973277_1553357371_noticia_fotograma.jpg\"><img loading=\"lazy\" decoding=\"async\" src=\"http:\/\/aedecanarias.live-website.com\/wp-content\/uploads\/2019\/03\/1553204042_973277_1553357371_noticia_fotograma-300x169.jpg\" width=\"400\" height=\"226\" border=\"0\" data-original-height=\"552\" data-original-width=\"980\"><\/a><\/div>\n<h2 style=\"border: 0px; box-sizing: border-box; font-family: Majerit, serif; font-size: 1.176em; font-stretch: inherit; font-style: inherit; font-variant-caps: inherit; font-weight: inherit; line-height: 27.00189971923828px; margin: 0px 0px 0.25rem; padding: 0px; vertical-align: baseline;\"><\/h2>\n<div><\/div>\n<div><\/div>\n<div><span style=\"background-color: white;\">La convocatoria People&#8217;s Vote recorre este s\u00e1bado las calles de&nbsp;<\/span><a style=\"border: 0px; box-sizing: border-box; color: #016ca2; font-stretch: inherit; line-height: inherit; margin: 0px; padding: 0px; text-decoration: none; vertical-align: baseline;\" href=\"https:\/\/elpais.com\/tag\/londres\/a\">Londres<\/a><span style=\"background-color: white;\">&nbsp;para pedir la convocatoria de un nuevo refer\u00e9ndum sobre el Brexit. Cientos de miles de manifestantes marchan ya por el centro de la capital, seg\u00fan la prensa brit\u00e1nica, a menos de una semana de la fecha fijada para que Reino Unido abandone la Uni\u00f3n Europea, el pr\u00f3ximo viernes. En una carta enviada por&nbsp;<\/span><a style=\"border: 0px; box-sizing: border-box; color: #016ca2; font-stretch: inherit; line-height: inherit; margin: 0px; padding: 0px; text-decoration: none; vertical-align: baseline;\" href=\"https:\/\/elpais.com\/tag\/theresa_mary_may\/a\">May<\/a><span style=\"background-color: white;\">&nbsp;a sus diputados este viernes, la primera ministra sugiere la posibilidad de no someter su acuerdo de Brexit a una tercera votaci\u00f3n ante el Parlamento&nbsp;<\/span><a style=\"border: 0px; box-sizing: border-box; color: #016ca2; font-stretch: inherit; line-height: inherit; margin: 0px; padding: 0px; text-decoration: none; vertical-align: baseline;\" href=\"https:\/\/elpais.com\/internacional\/2019\/03\/22\/actualidad\/1553280989_698494.html\" target=\"_blank\" rel=\"noopener\">si no cuenta con el \u00abapoyo suficiente\u00bb para que sea aprobado<\/a><span style=\"background-color: white;\">.<\/span><\/div>\n<\/div>\n","protected":false},"excerpt":{"rendered":"<p>Cientos de miles de brit\u00e1nicos recorren Londres para pedir un segundo refer\u00e9ndum del Brexit La&#8230;<\/p>\n","protected":false},"author":2,"featured_media":393,"comment_status":"open","ping_status":"open","sticky":false,"template":"","format":"standard","meta":{"ngg_post_thumbnail":0,"footnotes":""},"categories":[1],"tags":[],"class_list":["post-23","post","type-post","status-publish","format-standard","has-post-thumbnail","hentry","category-hemeroteca"],"_links":{"self":[{"href":"https:\/\/aedecanarias.eu\/index.php?rest_route=\/wp\/v2\/posts\/23","targetHints":{"allow":["GET"]}}],"collection":[{"href":"https:\/\/aedecanarias.eu\/index.php?rest_route=\/wp\/v2\/posts"}],"about":[{"href":"https:\/\/aedecanarias.eu\/index.php?rest_route=\/wp\/v2\/types\/post"}],"author":[{"embeddable":true,"href":"https:\/\/aedecanarias.eu\/index.php?rest_route=\/wp\/v2\/users\/2"}],"replies":[{"embeddable":true,"href":"https:\/\/aedecanarias.eu\/index.php?rest_route=%2Fwp%2Fv2%2Fcomments&post=23"}],"version-history":[{"count":4,"href":"https:\/\/aedecanarias.eu\/index.php?rest_route=\/wp\/v2\/posts\/23\/revisions"}],"predecessor-version":[{"id":632,"href":"https:\/\/aedecanarias.eu\/index.php?rest_route=\/wp\/v2\/posts\/23\/revisions\/632"}],"wp:featuredmedia":[{"embeddable":true,"href":"https:\/\/aedecanarias.eu\/index.php?rest_route=\/wp\/v2\/media\/393"}],"wp:attachment":[{"href":"https:\/\/aedecanarias.eu\/index.php?rest_route=%2Fwp%2Fv2%2Fmedia&parent=23"}],"wp:term":[{"taxonomy":"category","embeddable":true,"href":"https:\/\/aedecanarias.eu\/index.php?rest_route=%2Fwp%2Fv2%2Fcategories&post=23"},{"taxonomy":"post_tag","embeddable":true,"href":"https:\/\/aedecanarias.eu\/index.php?rest_route=%2Fwp%2Fv2%2Ftags&post=23"}],"curies":[{"name":"wp","href":"https:\/\/api.w.org\/{rel}","templated":true}]}}