{"id":2274,"date":"2021-04-07T11:15:59","date_gmt":"2021-04-07T10:15:59","guid":{"rendered":"https:\/\/aedecanarias.eu\/?p=2274"},"modified":"2021-04-07T11:16:00","modified_gmt":"2021-04-07T10:16:00","slug":"el-proyecto-euroinclusion-representara-a-espana-en-el-premio-europeo-carlomagno-2021","status":"publish","type":"post","link":"https:\/\/aedecanarias.eu\/?p=2274","title":{"rendered":"El proyecto Euroinclusi\u00f3n representar\u00e1 a Espa\u00f1a en el Premio Europeo Carlomagno 2021"},"content":{"rendered":"\n<div class=\"twitter-share\"><a href=\"https:\/\/twitter.com\/intent\/tweet?via=aedecanarias\" class=\"twitter-share-button\" data-size=\"large\">Twittear<\/a><\/div>\n\n<p><strong>La iniciativa, que busca incluir la participaci\u00f3n de los j\u00f3venes con discapacidad en la agenda europea, ha sido destacada por el jurado \u201cpor ser un claro ejemplo de c\u00f3mo acercar las instituciones europeas a la ciudadan\u00eda\u201d.&nbsp;<\/strong><\/p>\n\n\n\n<p>El Parlamento Europeo concede desde 2008 el Premio Europeo Carlomagno de la Juventud, que premia a proyectos gestionados por y para j\u00f3venes que contribuyan activamente al desarrollo de Europa. En la edici\u00f3n de 2021, uno de los premiados ha sido el proyecto espa\u00f1ol \u2018Euroinclusi\u00f3n\u2019, que ahora competir\u00e1 con el resto de proyectos europeos para ser uno de los tres ganadores finales.&nbsp;<\/p>\n\n\n\n<p>\u2018Euroinclusi\u00f3n\u2019 se define como una organizaci\u00f3n de j\u00f3venes europeos con discapacidad que tienen el objetivo de conseguir la plena integraci\u00f3n social, cultural y pol\u00edtica de los ciudadanos con discapacidad en una Europa libre, diversa y solidaria. Con el \u00e1nimo de cambiar de un paradigma de la \u201cdependencia\u201d al de la \u201csuperaci\u00f3n\u201d, esta organizaci\u00f3n ha creado lazos entre asociaciones de discapacidad de otros pa\u00edses europeos para llevar sus reivindicaciones adelante, adem\u00e1s de presionar en Espa\u00f1a para que se aplique la Tarjeta Europea de la Discapacidad.<\/p>\n\n\n\n<p>\u201cA lo mejor el destino nos ha quitado virtudes materiales, pero nos ha compensado d\u00e1ndonos much\u00edsima humanidad. Ese es nuestro principal orgullo y alegr\u00eda: una humanidad abundante que queremos compartir con todos los seres humanos\u201d, aseguran en su candidatura.&nbsp;<\/p>\n\n\n\n<p>El jurado espa\u00f1ol ha estado compuesto por las eurodiputadas Isabel Benjumea (PPE) e Idoia Villanueva (La Izquierda), adem\u00e1s de Viviane Ogou, delegada joven para el Congreso de la Autoridades Locales y Regionales del Consejo de Europa.<\/p>\n\n\n\n<p>En sus deliberaciones, han querido destacar \u201cla calidad de la mayor\u00eda de los proyectos\u201d por las \u201cideas innovadoras\u201d que presentan con una \u201cpercepci\u00f3n muy positiva de lo que es Europa y con un esp\u00edritu cr\u00edtico de querer cambiar las cosas para mejorarlas\u201d, subrayando adem\u00e1s la diversidad de las propuestas, \u201cque van desde lo cultural a las nuevas tecnolog\u00edas, pasando por la comunicaci\u00f3n y la solidaridad, y que versan sobre temas importantes como la inclusi\u00f3n, el racismo o la homofobia\u201d.<\/p>\n\n\n\n<p>En el caso de \u2018Euroinclusi\u00f3n\u2019, el jurado ha expresado que, \u201cen un momento en que es esencial incluir la participaci\u00f3n de los j\u00f3venes y, en particular, de los j\u00f3venes con discapacidad en la agenda europea, el proyecto \u2018Euroinclusi\u00f3n\u2019 destaca por ser un claro ejemplo de c\u00f3mo acercar las instituciones europeas a la ciudadan\u00eda, promocionando la inclusi\u00f3n de los j\u00f3venes con discapacidad y la inclusi\u00f3n en la diversidad, a trav\u00e9s de otros lenguajes y formas de expresi\u00f3n art\u00edsticas y culturales\u201d.<\/p>\n\n\n\n<p>Del mismo modo, han apuntado que \u2018Euroinclusi\u00f3n\u2019 \u201cno solo tiene un impacto entre los j\u00f3venes participantes, sino tambi\u00e9n entre sus familias, generando el sentimiento de pertenencia dentro de la UE\u201d.<\/p>\n\n\n\n<p>Por otro lado, el jurado ha mencionado expresamente algunos de los proyectos que no han quedado galardonados pero que, a su juicio, merecen una distinci\u00f3n, como Erasmus Solidarity Mechanism, Europe3Digital, The European Students&#8217; Association for Cultural Heritage y OneRadio Erasmus.<\/p>\n\n\n\n<p><strong>Contexto<\/strong><\/p>\n\n\n\n<p>El Premio Carlomagno de la Juventud es una iniciativa del Parlamento Europeo y de la Fundaci\u00f3n &#8216;Premio Internacional Carlomagno de Aquisgr\u00e1n&#8217;. Su objetivo es promover la comprensi\u00f3n de los j\u00f3venes a escala europea e internacional para que estimulen el desarrollo de un sentido compartido de la identidad y la integraci\u00f3n europeas.<\/p>\n\n\n\n<p>La edici\u00f3n 2021 del galard\u00f3n ha recibido 410 propuestas, 34 en el caso de Espa\u00f1a, para conformar los 27 ganadores, uno por Estado miembro. En la siguiente fase, que tendr\u00e1 lugar en abril, el jurado a nivel europeo se re\u00fane para decidir los tres ganadores de toda la Uni\u00f3n Europea, que recibir\u00e1n una dotaci\u00f3n econ\u00f3mica (7.500 euros al mejor proyecto, 5.000 euros al segundo y 2.500 euros al tercero), adem\u00e1s de una visita al Parlamento Europeo (Bruselas o Estrasburgo, seg\u00fan las circunstancias). En esta ocasi\u00f3n, se entregar\u00e1 el premio tambi\u00e9n a los ganadores de la edici\u00f3n de 2020, cuya ceremonia no pudo producirse por la incidencia de la pandemia. &nbsp;<\/p>\n\n\n\n<p>Una vez decididos los 3 ganadores finales, se invitar\u00e1 a un representante de cada uno de los 27 proyectos ganadores nacionales a asistir a los actos que se celebrar\u00e1n entre el 10 y el 13 de mayo en Aquisgr\u00e1n, incluida la ceremonia de entrega del Premio Europeo Carlomagno de la Juventud, que siempre tiene lugar dos d\u00edas antes de la Ascensi\u00f3n, el d\u00eda en que se otorga el prestigioso Premio Internacional Carlomagno de Aquisgr\u00e1n.<\/p>\n\n\n\n<ul class=\"wp-block-list\"><li>Parlamento Europeo &#8211; Oficina en Espa\u00f1a<\/li><\/ul>\n","protected":false},"excerpt":{"rendered":"<p>La iniciativa, que busca incluir la participaci\u00f3n de los j\u00f3venes con discapacidad en la agenda&#8230;<\/p>\n","protected":false},"author":3,"featured_media":2275,"comment_status":"closed","ping_status":"closed","sticky":false,"template":"","format":"standard","meta":{"ngg_post_thumbnail":0,"footnotes":""},"categories":[8],"tags":[],"class_list":["post-2274","post","type-post","status-publish","format-standard","has-post-thumbnail","hentry","category-espana"],"_links":{"self":[{"href":"https:\/\/aedecanarias.eu\/index.php?rest_route=\/wp\/v2\/posts\/2274","targetHints":{"allow":["GET"]}}],"collection":[{"href":"https:\/\/aedecanarias.eu\/index.php?rest_route=\/wp\/v2\/posts"}],"about":[{"href":"https:\/\/aedecanarias.eu\/index.php?rest_route=\/wp\/v2\/types\/post"}],"author":[{"embeddable":true,"href":"https:\/\/aedecanarias.eu\/index.php?rest_route=\/wp\/v2\/users\/3"}],"replies":[{"embeddable":true,"href":"https:\/\/aedecanarias.eu\/index.php?rest_route=%2Fwp%2Fv2%2Fcomments&post=2274"}],"version-history":[{"count":1,"href":"https:\/\/aedecanarias.eu\/index.php?rest_route=\/wp\/v2\/posts\/2274\/revisions"}],"predecessor-version":[{"id":2276,"href":"https:\/\/aedecanarias.eu\/index.php?rest_route=\/wp\/v2\/posts\/2274\/revisions\/2276"}],"wp:featuredmedia":[{"embeddable":true,"href":"https:\/\/aedecanarias.eu\/index.php?rest_route=\/wp\/v2\/media\/2275"}],"wp:attachment":[{"href":"https:\/\/aedecanarias.eu\/index.php?rest_route=%2Fwp%2Fv2%2Fmedia&parent=2274"}],"wp:term":[{"taxonomy":"category","embeddable":true,"href":"https:\/\/aedecanarias.eu\/index.php?rest_route=%2Fwp%2Fv2%2Fcategories&post=2274"},{"taxonomy":"post_tag","embeddable":true,"href":"https:\/\/aedecanarias.eu\/index.php?rest_route=%2Fwp%2Fv2%2Ftags&post=2274"}],"curies":[{"name":"wp","href":"https:\/\/api.w.org\/{rel}","templated":true}]}}