{"id":20,"date":"2019-05-09T15:30:00","date_gmt":"2019-05-09T15:30:00","guid":{"rendered":""},"modified":"2021-01-25T22:24:25","modified_gmt":"2021-01-25T22:24:25","slug":"dia-de-europa","status":"publish","type":"post","link":"https:\/\/aedecanarias.eu\/?p=20","title":{"rendered":"D\u00cdA DE EUROPA"},"content":{"rendered":"\n<div class=\"twitter-share\"><a href=\"https:\/\/twitter.com\/intent\/tweet?via=aedecanarias\" class=\"twitter-share-button\" data-size=\"large\">Twittear<\/a><\/div>\n<p><\/p>\n<div style=\"clear: both; text-align: center;\"><a href=\"http:\/\/aedecanarias.live-website.com\/wp-content\/uploads\/2019\/05\/europadia-1.jpg\" style=\"margin-left: 1em; margin-right: 1em;\"><img loading=\"lazy\" decoding=\"async\" border=\"0\" data-original-height=\"155\" data-original-width=\"326\" height=\"154\" src=\"http:\/\/aedecanarias.live-website.com\/wp-content\/uploads\/2019\/05\/europadia-1-300x143.jpg\" width=\"320\" \/><\/a><\/div>\n<h1 itemprop=\"headline\" style=\"font-family: roboto_condensedregular, Arial, Helvetica, sans-serif; font-size: 48px; font-stretch: normal; line-height: 54px; margin-bottom: 20px; margin-top: 15px; outline: 0px;\">El D\u00eda de Europa, oportunidad para reforzar un proyecto de progreso<\/h1>\n<h2 itemprop=\"description\" style=\"font-family: roboto_condensedregular, Arial, Helvetica, sans-serif; font-size: 20px; font-stretch: normal; font-weight: normal; line-height: 28px; margin-bottom: 15px; margin-top: 10px; outline: 0px;\"><\/h2>\n<p><span itemprop=\"author\" style=\"border-right-color: rgb(139, 139, 139); border-right-style: solid; border-right-width: 1px; color: #4b4b4b; font-family: Arial, Helvetica, sans-serif; font-size: 11px; line-height: 12px; margin-right: 5px; padding-right: 5px; text-transform: capitalize;\">Jos\u00e9 Manuel Vega&nbsp;<\/span><span style=\"background-color: white; font-family: robotoregular, Arial, Helvetica, sans-serif;\"><\/span><span itemprop=\"dateCreated\" style=\"clear: both; color: #8a8a8a; font-family: roboto_condensedregular, Tahoma, Arial, Helvetica; font-size: 14px; font-stretch: normal; line-height: normal; margin-top: 2px; padding-bottom: 5px;\">09.05.2019 | 00:48<\/span><span style=\"background-color: white; font-family: robotoregular, Arial, Helvetica, sans-serif;\"><\/span><\/p>\n<div style=\"border-top-style: none; color: #555555; font-family: robotoregular, Arial, Tahoma, Geneva, sans-serif; font-size: 15px; font-stretch: normal; line-height: 24px; margin-top: 10px;\"><span itemprop=\"articleBody\" style=\"display: block; margin-top: 10px;\"><\/p>\n<div style=\"color: #3a3a3a; font-stretch: normal; line-height: 24px; margin-bottom: 30px; margin-top: 30px; padding: 0px; text-align: justify;\">Hace sesenta y nueve a\u00f1os (en 1950) el entonces ministro franc\u00e9s de Asuntos Exteriores, Robert Schuman, pronunci\u00f3 un discurso pidiendo la uni\u00f3n de todos los pa\u00edses de Europa para avanzar juntos sin m\u00e1s enfrentamientos b\u00e9licos, la gran preocupaci\u00f3n de aquel momento. Aceptado este punto de partida los europeos nos pusimos a desarrollar una idea que iba a cambiar la vida del Viejo Continente. Dejando atr\u00e1s d\u00e9cadas de enfrentamientos y guerras, las m\u00e1s mort\u00edferas de la historia de la Humanidad, hemos tejido entre todos unas instituciones, unas normas, unas ayudas, tambi\u00e9n unas exigencias, que han ido creando una comunidad de intereses y de participaci\u00f3n.&nbsp;<\/div>\n<p><span><\/span><\/p>\n<div style=\"color: #3a3a3a; font-stretch: normal; line-height: 24px; margin-bottom: 30px; margin-top: 30px; padding: 0px; text-align: justify;\">Hoy, 9 de mayo de 2019, la uni\u00f3n Europea es una realidad tangible que ha cambiado la vida de todos los ciudadanos que vivimos en esta regi\u00f3n del mundo, alcanzando unos niveles de bienestar, seguridad y confianza en el futuro que habr\u00edan sido inimaginables en cualquier otro momento de la historia. La UE es uno de los bloques, junto con EE UU, China y tal vez Rusia, m\u00e1s influyentes no solo econ\u00f3micamente sino social y hasta \u00e9ticamente.&nbsp;<\/div>\n<div style=\"color: #3a3a3a; font-stretch: normal; line-height: 24px; margin-bottom: 30px; margin-top: 30px; padding: 0px; text-align: justify;\"><\/div>\n<p><a name='more'><\/a><\/p>\n<p><span><\/span><\/p>\n<div style=\"color: #3a3a3a; font-stretch: normal; line-height: 24px; margin-bottom: 30px; margin-top: 30px; padding: 0px; text-align: justify;\">Sin embargo, no todo est\u00e1 hecho. Debemos actuar fortaleciendo las instituciones de la Uni\u00f3n Europea, amenazadas por el desafecto de una parte de los brit\u00e1nicos pero tambi\u00e9n por el desapego de otros muchos europeos y por las amenazas de disoluci\u00f3n que formulan los grupos populistas. Quiz\u00e1 porque falta una reflexi\u00f3n conjunta sobre el camino recorrido, las metas alcanzadas y el futuro que podemos conquistar juntos.&nbsp;<\/div>\n<p><span><\/span><\/p>\n<div style=\"color: #3a3a3a; font-stretch: normal; line-height: 24px; margin-bottom: 30px; margin-top: 30px; padding: 0px; text-align: justify;\">Y ahora es el momento para hacerlo. Las pr\u00f3ximas elecciones del 26 de mayo nos ofrecen la oportunidad de confirmar nuestro deseo de pertenecer a la Uni\u00f3n Europea, de formar parte de una comunidad envidiada en todo el mundo, y como dice el lema de este a\u00f1o de la UE, \u00abelegir nuestro futuro\u00bb.&nbsp;<\/div>\n<p><span><\/span><\/p>\n<div style=\"color: #3a3a3a; font-stretch: normal; line-height: 24px; margin-bottom: 30px; margin-top: 30px; padding: 0px; text-align: justify;\">La esencia de este proyecto hecho realidad es la participaci\u00f3n de los ciudadanos que la formamos. Si queremos seguir avanzando en este camino de \u00e9xito tenemos que procurar no perder impulso, no dar nada por hecho, participar en el d\u00eda a d\u00eda de la construcci\u00f3n m\u00e1s ambiciosa que hasta ahora nos ha propuesto la Historia. La Uni\u00f3n Europea espera, y merece, que seamos activos cada uno en nuestro \u00e1mbito de influencia, de trabajo, de vida.&nbsp;<\/div>\n<p><span><\/span><\/p>\n<div style=\"color: #3a3a3a; font-stretch: normal; line-height: 24px; margin-bottom: 30px; margin-top: 30px; padding: 0px; text-align: justify;\">AEDE Islas Canarias lo ha hecho desde su creaci\u00f3n hace m\u00e1s de veinte a\u00f1os. Y es nuestro prop\u00f3sito y nuestro compromiso seguir en esa l\u00ednea. Como ciudadanos europeos nos sentimos solidarios de un proyecto que modestamente hemos ayudado a crear y con el que tenemos una cita importante el pr\u00f3ximo 26 de mayo. Recuerda: vota y \u00abelige tu futuro\u00bb.&nbsp;<\/div>\n<p><span><\/span><\/p>\n<div style=\"color: #3a3a3a; font-stretch: normal; line-height: 24px; margin-bottom: 30px; margin-top: 30px; padding: 0px; text-align: justify;\">Espa\u00f1a es uno de los pa\u00edses m\u00e1s europe\u00edstas seg\u00fan muestra el \u00faltimo Eurobar\u00f3metro. Los ciudadanos espa\u00f1oles conf\u00edan m\u00e1s en las instituciones supranacionales como la Uni\u00f3n Europea o Naciones Unidas que en los organismos nacionales.&nbsp;<\/div>\n<p><span><\/span><\/p>\n<div style=\"color: #3a3a3a; font-stretch: normal; line-height: 24px; margin-bottom: 30px; margin-top: 30px; padding: 0px; text-align: justify;\">El 83% de los espa\u00f1oles se sienten ciudadanos europeos, superando as\u00ed al 71% de los ciudadanos del resto de la Uni\u00f3n.&nbsp;<\/div>\n<p><span><\/span><\/p>\n<div style=\"color: #3a3a3a; font-stretch: normal; line-height: 24px; margin-bottom: 30px; margin-top: 30px; padding: 0px; text-align: justify;\"><strong>La Educaci\u00f3n es clave.<\/strong>&nbsp;La Comisi\u00f3n Europea va a crear una red que de universidades que ayuden a componer el Espacio Europeo de Educaci\u00f3n. Este a\u00f1o se conocer\u00e1n las primeras seis. \u00bfNos imaginamos poder cursar una misma carrera en diferentes campus de distintas ciudades europeas? Es lo que dise\u00f1ar\u00e1 este a\u00f1o la Comisi\u00f3n Europea con seis nuevas universidades que se formar\u00e1n a trav\u00e9s de alianzas entre casas de estudios de diversos pa\u00edses. En 2025 ser\u00e1n por lo menos 20.&nbsp;<\/div>\n<p><span><\/span><\/p>\n<div style=\"color: #3a3a3a; font-stretch: normal; line-height: 24px; margin-bottom: 30px; margin-top: 30px; padding: 0px; text-align: justify;\">En estas nuevas universidades un estudiante podr\u00e1, por ejemplo, empezar sus estudios en Granada, continuarlos en Padua y terminarlos en Lyon. Todo sin los pesados tr\u00e1mites burocr\u00e1ticos que supone a d\u00eda de hoy estudiar en el extranjero, porque funcionar\u00e1 como una sola universidad.&nbsp;<\/div>\n<p><span><\/span><\/p>\n<div style=\"color: #3a3a3a; font-stretch: normal; line-height: 24px; margin-bottom: 30px; margin-top: 30px; padding: 0px; text-align: justify;\">Hoy es m\u00e1s necesario que nunca reforzar la ciudadan\u00eda europea y la mejor manera de hacerlo es viviendo y estudiando en diferentes pa\u00edses de nuestra comunidad, aprendiendo diferentes idiomas y ampliando nuestro universo.&nbsp;<\/div>\n<p><span><\/span><\/p>\n<div style=\"color: #3a3a3a; font-stretch: normal; line-height: 24px; margin-bottom: 30px; margin-top: 30px; padding: 0px; text-align: justify;\">M\u00e1s ciudadan\u00eda europea significa m\u00e1s derechos. Las nuevas universidades europeas contribuir\u00e1n a cumplir el punto del pilar europeo de los Derechos Sociales que dice que \u00abtoda persona tiene derecho a una educaci\u00f3n, formaci\u00f3n y aprendizaje permanente inclusivos y de calidad, a fin de mantener y adquirir capacidades que les permitan participar plenamente en la sociedad y gestionar con \u00e9xito las transiciones en el mercado laboral\u00bb.&nbsp;<\/div>\n<p><span><\/span><\/p>\n<div style=\"color: #3a3a3a; font-stretch: normal; line-height: 24px; margin-bottom: 30px; margin-top: 30px; padding: 0px; text-align: justify;\">Esta iniciativa tambi\u00e9n es importante a la hora de impulsar el trabajo. En un espacio de libre circulaci\u00f3n de trabajadores como es la Uni\u00f3n Europea, \u00e9sta pretende que nuestros j\u00f3venes tengan m\u00e1s posibilidades de trabajar en el resto de pa\u00edses de la Uni\u00f3n. Para lograrlo, la red de universidades europeas ser\u00e1 fundamental.&nbsp;<\/div>\n<p><span><\/span><\/p>\n<div style=\"color: #3a3a3a; font-stretch: normal; line-height: 24px; margin-bottom: 30px; margin-top: 30px; padding: 0px; text-align: justify;\">La idea se gest\u00f3 en 2017, en la Cumbre Social de Gotemburgo, donde se hizo hincapi\u00e9 en la educaci\u00f3n y la cultura como motores de creaci\u00f3n de empleo, crecimiento econ\u00f3mico y justicia social.&nbsp;<\/div>\n<p><span><\/span><\/p>\n<div style=\"color: #3a3a3a; font-stretch: normal; line-height: 24px; margin-bottom: 30px; margin-top: 30px; padding: 0px; text-align: justify;\">La firme intenci\u00f3n de que los j\u00f3venes reciban la mejor educaci\u00f3n posible tambi\u00e9n se encuentra en la Declaraci\u00f3n de Roma de 2017, donde los l\u00edderes de los 27 pa\u00edses, ya sin Reino Unido, se reunieron para conmemorar el 60 cumplea\u00f1os de la UE y AEDE-Canarias estuvo presente.&nbsp;<\/div>\n<p><span><\/span><\/p>\n<div style=\"color: #3a3a3a; font-stretch: normal; line-height: 24px; margin-bottom: 30px; margin-top: 30px; padding: 0px; text-align: justify;\">En las elecciones europeas de mayo de 2019 nos jugamos mucho: el futuro de Europa y de los europeos est\u00e1 en nuestras manos. Vivimos momentos en los que algunas ideas alejadas de los ideales de unidad europeos intentan imponerse a trav\u00e9s de medios no leg\u00edtimos como las mentiras, las manipulaciones, las noticias falsas o la desinformaci\u00f3n.&nbsp;<\/div>\n<p><span><\/span><\/p>\n<div style=\"color: #3a3a3a; font-stretch: normal; line-height: 24px; margin-bottom: 30px; margin-top: 30px; padding: 0px; text-align: justify;\">A veces nos preguntamos sobre qu\u00e9 Europa queremos: \u00bfuna Europa de libertades, de derechos humanos y de no discriminaci\u00f3n; o una Europa con diferentes derechos seg\u00fan el lugar de procedencia, en la que se cierren las fronteras y donde se pongan en duda los derechos humanos que tanto nos han costado?&nbsp;<\/div>\n<p><span><\/span><\/p>\n<div style=\"color: #3a3a3a; font-stretch: normal; line-height: 24px; margin-bottom: 30px; margin-top: 30px; padding: 0px; text-align: justify;\">Europa la construimos entre todos y las elecciones son una herramienta esencial para hacer o\u00edr nuestras voces en sus instituciones. Existen otros medios para hacernos o\u00edr tambi\u00e9n, pero la oportunidad de este a\u00f1o solo ocurre una vez cada cinco y hay que aprovecharla, acudiendo a las urnas el pr\u00f3ximo d\u00eda 26.&nbsp;<\/div>\n<p><span><\/span><\/p>\n<div style=\"color: #3a3a3a; font-stretch: normal; line-height: 24px; margin-bottom: 30px; margin-top: 30px; padding: 0px; text-align: justify;\"><em>Jos\u00e9 Manuel Vega.<\/em>&nbsp;Profesor y vicepresidente de AEDE (Asociaci\u00f3n Europea de Ense\u00f1antes)<\/div>\n<div style=\"clear: both; text-align: center;\"><\/div>\n<p><\/span><\/div>\n","protected":false},"excerpt":{"rendered":"<p>El D\u00eda de Europa, oportunidad para reforzar un proyecto de progreso Jos\u00e9 Manuel Vega&nbsp;09.05.2019 |&#8230;<\/p>\n","protected":false},"author":2,"featured_media":388,"comment_status":"open","ping_status":"open","sticky":false,"template":"","format":"standard","meta":{"ngg_post_thumbnail":0,"footnotes":""},"categories":[1],"tags":[],"class_list":["post-20","post","type-post","status-publish","format-standard","has-post-thumbnail","hentry","category-hemeroteca"],"_links":{"self":[{"href":"https:\/\/aedecanarias.eu\/index.php?rest_route=\/wp\/v2\/posts\/20","targetHints":{"allow":["GET"]}}],"collection":[{"href":"https:\/\/aedecanarias.eu\/index.php?rest_route=\/wp\/v2\/posts"}],"about":[{"href":"https:\/\/aedecanarias.eu\/index.php?rest_route=\/wp\/v2\/types\/post"}],"author":[{"embeddable":true,"href":"https:\/\/aedecanarias.eu\/index.php?rest_route=\/wp\/v2\/users\/2"}],"replies":[{"embeddable":true,"href":"https:\/\/aedecanarias.eu\/index.php?rest_route=%2Fwp%2Fv2%2Fcomments&post=20"}],"version-history":[{"count":1,"href":"https:\/\/aedecanarias.eu\/index.php?rest_route=\/wp\/v2\/posts\/20\/revisions"}],"predecessor-version":[{"id":389,"href":"https:\/\/aedecanarias.eu\/index.php?rest_route=\/wp\/v2\/posts\/20\/revisions\/389"}],"wp:featuredmedia":[{"embeddable":true,"href":"https:\/\/aedecanarias.eu\/index.php?rest_route=\/wp\/v2\/media\/388"}],"wp:attachment":[{"href":"https:\/\/aedecanarias.eu\/index.php?rest_route=%2Fwp%2Fv2%2Fmedia&parent=20"}],"wp:term":[{"taxonomy":"category","embeddable":true,"href":"https:\/\/aedecanarias.eu\/index.php?rest_route=%2Fwp%2Fv2%2Fcategories&post=20"},{"taxonomy":"post_tag","embeddable":true,"href":"https:\/\/aedecanarias.eu\/index.php?rest_route=%2Fwp%2Fv2%2Ftags&post=20"}],"curies":[{"name":"wp","href":"https:\/\/api.w.org\/{rel}","templated":true}]}}