{"id":17,"date":"2019-11-02T17:46:00","date_gmt":"2019-11-02T17:46:00","guid":{"rendered":""},"modified":"2021-01-26T00:49:16","modified_gmt":"2021-01-26T00:49:16","slug":"bruselas-abre-embajada-en-105-escuelas","status":"publish","type":"post","link":"https:\/\/aedecanarias.eu\/?p=17","title":{"rendered":"Bruselas abre embajada en 105 escuelas"},"content":{"rendered":"\n<div class=\"twitter-share\"><a href=\"https:\/\/twitter.com\/intent\/tweet?via=aedecanarias\" class=\"twitter-share-button\" data-size=\"large\">Twittear<\/a><\/div>\n<p>La Uni\u00f3n busca reforzar su identidad en Espa\u00f1a a trav\u00e9s de una red activa de colegiales implicados, seg\u00fan informa El Pa\u00eds<\/p>\n<p>Los alumnos de 4\u00ba de secundaria de La Serran\u00eda, de Alpuente, convertidos en embajadores de Europa.<\/p>\n<p>Cuando Nerea de la Torre acept\u00f3 hace 14 a\u00f1os hacer sus pr\u00e1cticas de profesora de Ingl\u00e9s en el centro La Serran\u00eda su padre no daba cr\u00e9dito: \u201cAll\u00ed no van ni los cuervos\u201d. Y es que en el pueblo de Alpuente, en el interior de Valencia, hay tanta calma que algunos docentes de fuera se deprimen y a veces nieva tanto en invierno que se quedan aislados. Pero Nerea se \u201cenamor\u00f3\u201d de esta localidad y all\u00ed sigue. Coordina a sus 14 compa\u00f1eros en el proyecto Escuelas Embajadoras del Parlamento Europeo, con el que este pretende \u201cdar la oportunidad de experimentar la ciudadan\u00eda europea: lo que significa la Uni\u00f3n en la vida cotidiana y lo que se puede hacer para lograr en el futuro la Europa deseada\u201d. Es decir, demostrar que esa instituci\u00f3n tan aparentemente aburrida que determina nuestras vidas tiene una cara apasionante.<\/p>\n<p><strong>Espa\u00f1a gasta en sus erasmus la mitad que en 2011<\/strong><\/p>\n<p>Este a\u00f1o, que el proyecto cumple cinco a\u00f1os, La Serran\u00eda participa por primera vez. En 1900 Alpuente ten\u00eda 3.000 vecinos y hoy apenas 600. Nerea teme que con la despoblaci\u00f3n terminen cerrando secundaria, con 35 escolares. Hay otros 38 entre infantil y primaria. \u201cEsta es una gran oportunidad de tener visibilidad\u201d, dice. Los de 4\u00ba de ESO son los embajadores j\u00faniors del proyecto. \u201cMis alumnos, hijos de pastores y ganaderos, suelen sentirse inferiores y con pocas ambiciones. As\u00ed que cuando nos eligieron \u2014no ten\u00edamos esperanzas\u2014 me dijeron: \u201cSomos peque\u00f1os, pero parece que importamos para Europa\u201d.<\/p>\n<p><a href=\"https:\/\/elpais.com\/autor\/elisa-silio\/\" target=\"_blank\" rel=\"noopener\">SEGUIR LEYENDO EN EL PA\u00cdS<\/a><\/p>\n","protected":false},"excerpt":{"rendered":"<p>La Uni\u00f3n busca reforzar su identidad en Espa\u00f1a a trav\u00e9s de una red activa de&#8230;<\/p>\n","protected":false},"author":2,"featured_media":383,"comment_status":"open","ping_status":"open","sticky":false,"template":"","format":"standard","meta":{"ngg_post_thumbnail":0,"footnotes":""},"categories":[1],"tags":[],"class_list":["post-17","post","type-post","status-publish","format-standard","has-post-thumbnail","hentry","category-hemeroteca"],"_links":{"self":[{"href":"https:\/\/aedecanarias.eu\/index.php?rest_route=\/wp\/v2\/posts\/17","targetHints":{"allow":["GET"]}}],"collection":[{"href":"https:\/\/aedecanarias.eu\/index.php?rest_route=\/wp\/v2\/posts"}],"about":[{"href":"https:\/\/aedecanarias.eu\/index.php?rest_route=\/wp\/v2\/types\/post"}],"author":[{"embeddable":true,"href":"https:\/\/aedecanarias.eu\/index.php?rest_route=\/wp\/v2\/users\/2"}],"replies":[{"embeddable":true,"href":"https:\/\/aedecanarias.eu\/index.php?rest_route=%2Fwp%2Fv2%2Fcomments&post=17"}],"version-history":[{"count":4,"href":"https:\/\/aedecanarias.eu\/index.php?rest_route=\/wp\/v2\/posts\/17\/revisions"}],"predecessor-version":[{"id":453,"href":"https:\/\/aedecanarias.eu\/index.php?rest_route=\/wp\/v2\/posts\/17\/revisions\/453"}],"wp:featuredmedia":[{"embeddable":true,"href":"https:\/\/aedecanarias.eu\/index.php?rest_route=\/wp\/v2\/media\/383"}],"wp:attachment":[{"href":"https:\/\/aedecanarias.eu\/index.php?rest_route=%2Fwp%2Fv2%2Fmedia&parent=17"}],"wp:term":[{"taxonomy":"category","embeddable":true,"href":"https:\/\/aedecanarias.eu\/index.php?rest_route=%2Fwp%2Fv2%2Fcategories&post=17"},{"taxonomy":"post_tag","embeddable":true,"href":"https:\/\/aedecanarias.eu\/index.php?rest_route=%2Fwp%2Fv2%2Ftags&post=17"}],"curies":[{"name":"wp","href":"https:\/\/api.w.org\/{rel}","templated":true}]}}