{"id":13,"date":"2020-05-14T20:01:00","date_gmt":"2020-05-14T20:01:00","guid":{"rendered":""},"modified":"2021-01-26T11:32:42","modified_gmt":"2021-01-26T11:32:42","slug":"adios-a-la-presidenta-de-aede-portugal","status":"publish","type":"post","link":"https:\/\/aedecanarias.eu\/?p=13","title":{"rendered":"Adi\u00f3s a la Presidenta de Aede-Portugal"},"content":{"rendered":"\n<div class=\"twitter-share\"><a href=\"https:\/\/twitter.com\/intent\/tweet?via=aedecanarias\" class=\"twitter-share-button\" data-size=\"large\">Twittear<\/a><\/div>\n<p><span style=\"background-color: white; color: #1c1e21; font-size: 14px; text-align: justify;\">La Sra. Zita Maria Alves de Magalhaes, Vicepresidenta europea y Presidenta en Portugal de la AEDE nos dej\u00f3 en la ma\u00f1ana del 13 de mayo. La ceremonia &nbsp;se ha celebrado esta ma\u00f1ana en &nbsp;Oporto a las 9 horas, con una misa a las 11 en la Iglesia Nossa Senhora da Lapa. Descansa en paz querida amiga.<\/span><\/p>\n<div style=\"text-align: justify;\"><span style=\"background-color: white;\"><span style=\"color: #1c1e21; font-family: , , &quot;blinkmacsystemfont&quot; , , sans-serif;\"><span style=\"caret-color: rgb(28, 30, 33); font-size: 14px;\">Siempre estar\u00e1s en nuestra peque\u00f1o rinc\u00f3n &nbsp;de Europa. Gracias por todo tu&nbsp;trabajo, aportaciones, amistad y compa\u00f1\u00eda&nbsp;<\/span><\/span><\/span><span style=\"background-color: white; color: #1c1e21; font-size: 14px; text-align: center;\">!!!<\/span><\/div>\n<div style=\"clear: both; text-align: center;\"><a href=\"http:\/\/aedecanarias.live-website.com\/wp-content\/uploads\/2020\/05\/51447743_651337918634375_7795440074023239680_n.jpg\" style=\"margin-left: 1em; margin-right: 1em;\"><img loading=\"lazy\" decoding=\"async\" border=\"0\" data-original-height=\"720\" data-original-width=\"960\" height=\"240\" src=\"http:\/\/aedecanarias.live-website.com\/wp-content\/uploads\/2020\/05\/51447743_651337918634375_7795440074023239680_n-300x225.jpg\" width=\"320\"><\/a><\/div>\n<div style=\"text-align: center;\"><span style=\"background-color: white; color: #1c1e21; font-family: , , &quot;blinkmacsystemfont&quot; , &quot;.sfnstext-regular&quot; , sans-serif; font-size: 14px; text-align: justify;\">Zita Maria Alves de Magalhaes, primera por la izquierda en una de las recientes reuniones del Bureau europeo de la AEDE..<\/span><\/div>\n","protected":false},"excerpt":{"rendered":"<p>La Sra. Zita Maria Alves de Magalhaes, Vicepresidenta europea y Presidenta en Portugal de la&#8230;<\/p>\n","protected":false},"author":2,"featured_media":375,"comment_status":"open","ping_status":"open","sticky":false,"template":"","format":"standard","meta":{"ngg_post_thumbnail":0,"footnotes":""},"categories":[1],"tags":[],"class_list":["post-13","post","type-post","status-publish","format-standard","has-post-thumbnail","hentry","category-hemeroteca"],"_links":{"self":[{"href":"https:\/\/aedecanarias.eu\/index.php?rest_route=\/wp\/v2\/posts\/13","targetHints":{"allow":["GET"]}}],"collection":[{"href":"https:\/\/aedecanarias.eu\/index.php?rest_route=\/wp\/v2\/posts"}],"about":[{"href":"https:\/\/aedecanarias.eu\/index.php?rest_route=\/wp\/v2\/types\/post"}],"author":[{"embeddable":true,"href":"https:\/\/aedecanarias.eu\/index.php?rest_route=\/wp\/v2\/users\/2"}],"replies":[{"embeddable":true,"href":"https:\/\/aedecanarias.eu\/index.php?rest_route=%2Fwp%2Fv2%2Fcomments&post=13"}],"version-history":[{"count":3,"href":"https:\/\/aedecanarias.eu\/index.php?rest_route=\/wp\/v2\/posts\/13\/revisions"}],"predecessor-version":[{"id":495,"href":"https:\/\/aedecanarias.eu\/index.php?rest_route=\/wp\/v2\/posts\/13\/revisions\/495"}],"wp:featuredmedia":[{"embeddable":true,"href":"https:\/\/aedecanarias.eu\/index.php?rest_route=\/wp\/v2\/media\/375"}],"wp:attachment":[{"href":"https:\/\/aedecanarias.eu\/index.php?rest_route=%2Fwp%2Fv2%2Fmedia&parent=13"}],"wp:term":[{"taxonomy":"category","embeddable":true,"href":"https:\/\/aedecanarias.eu\/index.php?rest_route=%2Fwp%2Fv2%2Fcategories&post=13"},{"taxonomy":"post_tag","embeddable":true,"href":"https:\/\/aedecanarias.eu\/index.php?rest_route=%2Fwp%2Fv2%2Ftags&post=13"}],"curies":[{"name":"wp","href":"https:\/\/api.w.org\/{rel}","templated":true}]}}